
{"id":5404,"date":"2017-12-19T09:10:34","date_gmt":"2017-12-19T08:10:34","guid":{"rendered":"http:\/\/lezajsk.przemyska.pl\/?p=5404"},"modified":"2017-12-19T09:11:15","modified_gmt":"2017-12-19T08:11:15","slug":"przedswiateczna-spowiedz-w-lezajskiej-farze","status":"publish","type":"post","link":"https:\/\/lezajsk.przemyska.pl\/?p=5404","title":{"rendered":"Przed\u015bwi\u0105teczna spowied\u017a w le\u017cajskiej Farze&#8230;"},"content":{"rendered":"<h2 style=\"text-align: center;\"><strong><span style=\"color: #ff0000;\">Spowied\u017a przed \u015awi\u0119tami Bo\u017cego Narodzenia :<\/span><\/strong><\/h2>\n<h3 style=\"text-align: center;\"><strong>SOBOTA, 23 grudnia 2017 roku<\/strong><\/h3>\n<p style=\"text-align: center;\"><span style=\"color: #ff0000;\"><strong>od 9.00 &#8211; 12.00 (<span style=\"color: #000000;\">p\u00f3\u0142godzinna przerwa od 10.30 do 11.00<\/span>)<\/strong><\/span><\/p>\n<p style=\"text-align: center;\"><span style=\"color: #ff0000;\"><strong>oraz od 14.00 &#8211; 18.00 (<span style=\"color: #000000;\">p\u00f3\u0142godzinna przerwa od 16.00 do 16.30<\/span>)<\/strong><\/span><\/p>\n<p style=\"text-align: center;\"><span style=\"color: #ff0000;\"><strong>Nie zmarnujmy tej okazji aby pojednani z\u00a0Bogiem i\u00a0lud\u017ami zasi\u0105\u015b\u0107 do wigilijnego sto\u0142u i nie odk\u0142adajmy spowiedzi.<\/strong><\/span><\/p>\n<p style=\"text-align: center;\">\n","protected":false},"excerpt":{"rendered":"<p>Spowied\u017a przed \u015awi\u0119tami Bo\u017cego Narodzenia : SOBOTA, 23 grudnia 2017 roku od 9.00 &#8211; 12.00 (p\u00f3\u0142godzinna przerwa od 10.30 do 11.00) oraz od 14.00 &#8211; 18.00 (p\u00f3\u0142godzinna przerwa od 16.00 do 16.30) Nie zmarnujmy tej okazji aby pojednani z\u00a0Bogiem i\u00a0lud\u017ami zasi\u0105\u015b\u0107 do wigilijnego sto\u0142u i nie odk\u0142adajmy spowiedzi.<\/p>\n","protected":false},"author":5,"featured_media":5403,"comment_status":"closed","ping_status":"open","sticky":false,"template":"","format":"standard","meta":[],"categories":[4],"tags":[],"_links":{"self":[{"href":"https:\/\/lezajsk.przemyska.pl\/index.php?rest_route=\/wp\/v2\/posts\/5404"}],"collection":[{"href":"https:\/\/lezajsk.przemyska.pl\/index.php?rest_route=\/wp\/v2\/posts"}],"about":[{"href":"https:\/\/lezajsk.przemyska.pl\/index.php?rest_route=\/wp\/v2\/types\/post"}],"author":[{"embeddable":true,"href":"https:\/\/lezajsk.przemyska.pl\/index.php?rest_route=\/wp\/v2\/users\/5"}],"replies":[{"embeddable":true,"href":"https:\/\/lezajsk.przemyska.pl\/index.php?rest_route=%2Fwp%2Fv2%2Fcomments&post=5404"}],"version-history":[{"count":1,"href":"https:\/\/lezajsk.przemyska.pl\/index.php?rest_route=\/wp\/v2\/posts\/5404\/revisions"}],"predecessor-version":[{"id":5405,"href":"https:\/\/lezajsk.przemyska.pl\/index.php?rest_route=\/wp\/v2\/posts\/5404\/revisions\/5405"}],"wp:featuredmedia":[{"embeddable":true,"href":"https:\/\/lezajsk.przemyska.pl\/index.php?rest_route=\/wp\/v2\/media\/5403"}],"wp:attachment":[{"href":"https:\/\/lezajsk.przemyska.pl\/index.php?rest_route=%2Fwp%2Fv2%2Fmedia&parent=5404"}],"wp:term":[{"taxonomy":"category","embeddable":true,"href":"https:\/\/lezajsk.przemyska.pl\/index.php?rest_route=%2Fwp%2Fv2%2Fcategories&post=5404"},{"taxonomy":"post_tag","embeddable":true,"href":"https:\/\/lezajsk.przemyska.pl\/index.php?rest_route=%2Fwp%2Fv2%2Ftags&post=5404"}],"curies":[{"name":"wp","href":"https:\/\/api.w.org\/{rel}","templated":true}]}}