
{"id":5394,"date":"2017-12-16T20:42:37","date_gmt":"2017-12-16T19:42:37","guid":{"rendered":"http:\/\/lezajsk.przemyska.pl\/?p=5394"},"modified":"2017-12-16T21:12:18","modified_gmt":"2017-12-16T20:12:18","slug":"iii-niedziela-adwentu-17-12-2017-r","status":"publish","type":"post","link":"https:\/\/lezajsk.przemyska.pl\/?p=5394","title":{"rendered":"III Niedziela Adwentu (17.12.2017 r.)"},"content":{"rendered":"<ol>\n<li>Dzi\u015b zapraszamy jeszcze na nabo\u017ce\u0144stwo eucharystyczne z <strong>Koronk\u0105 do Bo\u017cego Mi\u0142osierdzia<\/strong> o\u00a0godz. 17.30. B\u0119dziemy si\u0119 modli\u0107 o dobr\u0105 spowied\u017a dla nas wszystkich oraz o owocne prze\u017cycie \u015bwi\u0105t Bo\u017cego Narodzenia dla ca\u0142ej naszej parafialnej wsp\u00f3lnoty.<\/li>\n<li><strong>Od dzi\u015b tj. od 17 do 24 grudnia<\/strong> wchodzimy w okres bezpo\u015bredniego przygotowania do Uroczysto\u015bci Bo\u017cego Narodzenia, czyli <strong>czas tzw.<\/strong> <strong>Wielkich Antyfon.<\/strong><\/li>\n<li>W dalszym ci\u0105gu zapraszamy wszystkich a szczeg\u00f3lnie dzieci i m\u0142odzie\u017c do uczestnictwa w\u00a0<strong>Roratach <\/strong>codziennie o godz. 18.00.<\/li>\n<li>We wtorek dzie\u0144 <strong>imienin naszego wikariusza, ks. Dariusza Wojnara<\/strong>. Pami\u0119tajmy z tej okazji o\u00a0Nim w naszych modlitwach.<\/li>\n<li><strong>Dary na st\u00f3\u0142 wigilijny dla potrzebuj\u0105cych <\/strong>mo\u017cna sk\u0142ada\u0107 w ko\u015bciele do czwartku w\u0142\u0105cznie w wystawionych koszach. Caritas b\u0119dzie wydawa\u0142 przygotowane paczki we wtorek 19 grudnia w\u00a0godz. od 12.00 do 14.00.<\/li>\n<li>W pi\u0105tek 22 grudnia od godz. 9.00, <strong>odwiedzimy chorych w\u00a0domach<\/strong> <strong>z\u00a0Komuni\u0105 \u015bw<\/strong>.\u00a0 Wyj\u0105tkiem b\u0119dzie ks. Dariusz, kt\u00f3ry swoich chorych odwiedzi w czwartek od godz. 13.30. Zg\u0142oszenia w\u00a0zakrystii lub kancelarii.<\/li>\n<li>Tak\u017ce w pi\u0105tek Burmistrz naszego Miasta, Starosta Le\u017cajski, parafia OO Bernardyn\u00f3w i\u00a0nasza parafia zapraszaj\u0105 wszystkich mieszka\u0144c\u00f3w, zw\u0142aszcza osoby starsze, samotne na <strong>spotkanie wigilijne przed Ratuszem. Rozpocznie si\u0119 ono o godz. 14.30<\/strong>. Na sto\u0142ach pojawi\u0105 si\u0119 wigilijne potrawy, b\u0119dzie mo\u017cna podzieli\u0107 si\u0119 op\u0142atkiem, z\u0142o\u017cy\u0107 \u017cyczenia i\u00a0pos\u0142ucha\u0107 kol\u0119d. Serdecznie zapraszamy.<\/li>\n<li>W sobot\u0119 <strong>23 grudnia<\/strong> b\u0119dziemy prze\u017cywa\u0107 nasz\u0105 <strong>spowied\u017a parafialn\u0105.<\/strong> Kap\u0142ani z\u00a0dekanatu b\u0119d\u0105 spowiada\u0107<strong> w obu ko\u015bcio\u0142ach w\u00a0godz: 9.00 &#8211; 12.00 <\/strong>(przerwa p\u00f3\u0142godzinna o\u00a0godz. 10.30)<strong> i popo\u0142udniu 14.00 &#8211; 18.00. <\/strong>(przerwa p\u00f3\u0142godzinna o godz. 16.00). Nie zmarnujmy tej okazji aby pojednani z\u00a0Bogiem i\u00a0lud\u017ami zasi\u0105\u015b\u0107 do wigilijnego sto\u0142u i nie odk\u0142adajmy spowiedzi na wigili\u0119.<\/li>\n<li>Za tydzie\u0144 w niedziel\u0119 najpi\u0119kniejszy dzie\u0144 w roku \u2013 Msze \u015bw. przed po\u0142udniem jak w ka\u017cd\u0105 niedziel\u0119. Oczywi\u015bcie <strong><u>nie b\u0119dzie w tym dniu Mszy \u015bw. popo\u0142udniowych o\u00a0godz. 16.00 i 18.00. <\/u><\/strong><\/li>\n<li>Od \u015brody jest z nami ku pomocy <strong>ks.<\/strong>\u00a0<strong>Robert Gazdowicz<\/strong>. Przez ostatnie kilkana\u015bcie lat pracowa\u0142 we Francji a teraz wr\u00f3ciwszy do Ojczyzny, b\u0119dzie w\u015br\u00f3d nas, na nowo wdra\u017ca\u0142 si\u0119 w polskie duszpasterstwo. Witamy Go serdecznie i \u017cyczymy aby po\u015br\u00f3d nas czu\u0142 si\u0119 jak najlepiej.<\/li>\n<li>W \u201eSiewcy\u201d do nabycia wigilijne <strong>\u015bwiece Caritas <\/strong>oraz<strong> prasa i publikacje katolickie.<\/strong><\/li>\n<li>Sk\u0142adamy serdeczne B\u00f3g zap\u0142a\u0107 wszystkim tym, kt\u00f3rzy w minionym tygodniu podj\u0119li pos\u0142ug\u0119 roznoszenia <strong>op\u0142atk\u00f3w wigilijnych<\/strong> w naszej parafii. B\u00f3g zap\u0142a\u0107 za sk\u0142adane z\u00a0tej okazji ofiary przeznaczone na planowane prace remontowe i ogrzewanie ko\u015bcio\u0142\u00f3w. Rodziny, kt\u00f3rych nie zastano w\u00a0domu, mog\u0105 w dalszym ci\u0105gu odbiera\u0107 op\u0142atki w\u00a0\u201eSiewcy\u201d.<\/li>\n<\/ol>\n<p><strong><u>I<\/u><\/strong><strong><u>ntencje zbiorowe: <\/u><\/strong><\/p>\n<ul>\n<li>Za \u015bp. Iren\u0119 Piechock\u0105 \u2013 intencja od s\u0105siad\u00f3w z klatki \u2013 poniedzia\u0142ek, godz. 18.00 i od dyrekcji, ksi\u0119gowo\u015bci i kadr z by\u0142ej Pilawy \u2013 \u015broda, godz. 6.30.<\/li>\n<li>Za \u015bp. Kazimierza Garbackiego \u2013 intencja od s\u0105siad\u00f3w z ul. Jaros\u0142awskiej i \u015bw. Kr\u00f3lowej Jadwigi \u2013 wtorek, godz. 6.30.<\/li>\n<li>W intencji ks. Dariusza z okazji Imienin \u2013 intencja od R\u00f3\u017c R\u00f3\u017ca\u0144cowych \u2013 wtorek, godz. 18.00.<\/li>\n<li>W intencji nowennowych pr\u00f3\u015bb i podzi\u0119kowa\u0144 do MB Pocieszenia \u2013 \u015broda godz. 18.00.<\/li>\n<li>Za \u015bp. Agat\u0119 Urba\u0144sk\u0105 \u2013 intencja od rodzic\u00f3w i dzieci z klasy III a ze SP nr 2 \u2013 pi\u0105tek, godz. 18.00.<\/li>\n<li>Z R\u00f3\u017cy \u015bw. Jadwigi \u2013 sobota, godz. 18.00.<\/li>\n<li>Za \u015bp. Bronis\u0142awa Pietrych\u0119 \u2013 intencja od pracownik\u00f3w Obs\u0142ugi Gimnazjum Miejskiego w Le\u017cajsku \u2013niedziela, godz. 7.00.<\/li>\n<\/ul>\n<p>W ostatnim tygodniu odeszli od nas do wieczno\u015bci <strong>\u015bp. Alicja Gajewska<\/strong> z ul. Staszica, <strong>Pawe\u0142 \u0141api\u0144ski<\/strong> z ul. Mickiewicza i\u00a0<strong>Zygmunt Kie\u0142bowicz<\/strong> z ul. Sanowej \u2013 wieczny odpoczynek \u2026..<\/p>\n","protected":false},"excerpt":{"rendered":"<p>Dzi\u015b zapraszamy jeszcze na nabo\u017ce\u0144stwo eucharystyczne z Koronk\u0105 do Bo\u017cego Mi\u0142osierdzia o\u00a0godz. 17.30. B\u0119dziemy si\u0119 modli\u0107 o dobr\u0105 spowied\u017a dla nas wszystkich oraz o owocne prze\u017cycie \u015bwi\u0105t Bo\u017cego Narodzenia dla ca\u0142ej naszej parafialnej wsp\u00f3lnoty. Od dzi\u015b tj. od 17 do 24 grudnia wchodzimy w okres bezpo\u015bredniego przygotowania do Uroczysto\u015bci Bo\u017cego Narodzenia, czyli czas tzw. Wielkich [&hellip;]<\/p>\n","protected":false},"author":4,"featured_media":0,"comment_status":"closed","ping_status":"open","sticky":false,"template":"","format":"standard","meta":[],"categories":[5],"tags":[],"_links":{"self":[{"href":"https:\/\/lezajsk.przemyska.pl\/index.php?rest_route=\/wp\/v2\/posts\/5394"}],"collection":[{"href":"https:\/\/lezajsk.przemyska.pl\/index.php?rest_route=\/wp\/v2\/posts"}],"about":[{"href":"https:\/\/lezajsk.przemyska.pl\/index.php?rest_route=\/wp\/v2\/types\/post"}],"author":[{"embeddable":true,"href":"https:\/\/lezajsk.przemyska.pl\/index.php?rest_route=\/wp\/v2\/users\/4"}],"replies":[{"embeddable":true,"href":"https:\/\/lezajsk.przemyska.pl\/index.php?rest_route=%2Fwp%2Fv2%2Fcomments&post=5394"}],"version-history":[{"count":3,"href":"https:\/\/lezajsk.przemyska.pl\/index.php?rest_route=\/wp\/v2\/posts\/5394\/revisions"}],"predecessor-version":[{"id":5397,"href":"https:\/\/lezajsk.przemyska.pl\/index.php?rest_route=\/wp\/v2\/posts\/5394\/revisions\/5397"}],"wp:attachment":[{"href":"https:\/\/lezajsk.przemyska.pl\/index.php?rest_route=%2Fwp%2Fv2%2Fmedia&parent=5394"}],"wp:term":[{"taxonomy":"category","embeddable":true,"href":"https:\/\/lezajsk.przemyska.pl\/index.php?rest_route=%2Fwp%2Fv2%2Fcategories&post=5394"},{"taxonomy":"post_tag","embeddable":true,"href":"https:\/\/lezajsk.przemyska.pl\/index.php?rest_route=%2Fwp%2Fv2%2Ftags&post=5394"}],"curies":[{"name":"wp","href":"https:\/\/api.w.org\/{rel}","templated":true}]}}