
{"id":5282,"date":"2017-12-02T21:13:02","date_gmt":"2017-12-02T20:13:02","guid":{"rendered":"http:\/\/lezajsk.przemyska.pl\/?p=5282"},"modified":"2017-12-02T22:17:41","modified_gmt":"2017-12-02T21:17:41","slug":"i-niedziela-adwentu-03-12-2017-r","status":"publish","type":"post","link":"https:\/\/lezajsk.przemyska.pl\/?p=5282","title":{"rendered":"I Niedziela Adwentu (03.12.2017 r.)"},"content":{"rendered":"<ol>\n<li>Dzi\u015b rozpocz\u0119li\u015bmy <strong>Adwent<\/strong>, czas radosnego i pobo\u017cnego oczekiwania na przyj\u015bcie Pana, b\u0119d\u0105cy r\u00f3wnocze\u015bnie pocz\u0105tkiem <strong>nowego rok duszpasterskiego, kt\u00f3remu b\u0119dzie towarzyszy\u0107 has\u0142o \u201eJeste\u015bmy nape\u0142nieni Duchem \u015awi\u0119tym\u201d<\/strong>.<\/li>\n<li>Dzi\u015b <strong>I niedziela miesi\u0105ca<\/strong>. Wieczorem nowenna przed Uroczysto\u015bci\u0105 Niepokalanego Pocz\u0119cia o godz. 17.30 a po niej <strong>Msza \u015bw. wieczorna<\/strong>. W tygodniu do czwartku w\u0142\u0105cznie, nowenna tak\u017ce o godz. 17.30. Przypominamy, \u017ce uczestnictwo w nowennie, na kt\u00f3r\u0105 serdecznie wszystkich zapraszamy, jest naszym duchowym przygotowaniem do \u015bwi\u0105t Bo\u017cego Narodzenia.<\/li>\n<li><strong>Roraty<\/strong> w naszym ko\u015bciele codziennie o godz. 18.00. Po rozwa\u017ceniu i wys\u0142uchaniu r\u00f3\u017cnych sugestii i g\u0142os\u00f3w co do godziny odprawiania rorat oraz po zaczerpni\u0119ciu opinii Rady Duszpasterskiej, pozostajemy przy dotychczasowej formule. Zach\u0119camy wszystkich a\u00a0szczeg\u00f3lnie dzieci i m\u0142odzie\u017c do jak najliczniejszego udzia\u0142u <em>(Dzieci przynosz\u0105 ze sob\u0105 lampiony ale tylko elektryczne).<\/em><\/li>\n<li>Jutro po Mszy \u015bw.<strong> spotkanie Akcji Katolickiej, <\/strong>na kt\u00f3re wszystkich cz\u0142onk\u00f3w, kandydat\u00f3w jak i\u00a0sympatyk\u00f3w serdecznie zapraszamy.<\/li>\n<li>W tym tygodniu zapraszamy m\u0142odzie\u017c klas VI i VII oraz gimnazjaln\u0105 na kolejne <strong>spotkania formacyjne w\u00a0ramach przygotowania do przyj\u0119cia sakramentu bierzmowania<\/strong>. I tak klasy VI\u00a0 i VII zapraszamy we wtorek a klasy II gimnazjum w\u00a0\u015brod\u0119. Spotkania b\u0119d\u0105 si\u0119 rozpoczyna\u0107 o\u00a0godz. 16.30, w ma\u0142ym ko\u015bciele.<\/li>\n<li>W tym miesi\u0105cu, wyj\u0105tkowo, <strong>spotkanie formacyjne dla wszystkich grup modlitewnych b\u0119dzie wsp\u00f3lne<\/strong>. Ze wzgl\u0119du na to, \u017ce trwa nowenna przed uroczysto\u015bci\u0105 Niepokalanego Pocz\u0119cia NMP, spotkanie to odb\u0119dzie si\u0119 w przysz\u0142ym tygodniu. Przypomnimy o tym w najbli\u017csz\u0105 niedziel\u0119.<\/li>\n<li>W tym tygodniu przypada <strong>I czwartek miesi\u0105ca<\/strong>. Wieczorem adoracja Naj\u015bwi\u0119tszego Sakramentu do godz. 20.00<strong>.<\/strong><\/li>\n<li>W pi\u0105tek 8 grudnia, <strong>Uroczysto\u015b\u0107 Niepokalanego Pocz\u0119cia NMP<\/strong>, kt\u00f3ra jest tak\u017ce szczeg\u00f3lnym <strong>dniem modlitwy za utracone dzieci.<\/strong> Niech nasza modlitwa za wszystkie zmar\u0142e dzieci i ich cierpi\u0105cych rodzic\u00f3w b\u0119dzie znakiem naszej chrze\u015bcija\u0144skiej solidarno\u015bci<strong>. <\/strong>Porz\u0105dek Mszy \u015bw. w pi\u0105tek b\u0119dzie nast\u0119puj\u0105cy; rano Msze \u015bw. o godz. 6.<strong>30, 7.00,\u00a08.30 i 10.00 a\u00a0popo\u0142udniu dwie Msze \u015bw. o godz. 16.00 i 18.00<\/strong>. Na Msz\u0119 \u015bw. o godz. 18.00 zapraszamy szczeg\u00f3lnie <strong>dzieci klas III,<\/strong> przygotowuj\u0105ce si\u0119 do przyj\u0119cia I Komunii \u015bw. wraz z\u00a0rodzicami. W czasie tej Mszy \u015bw. po\u015bwi\u0119cimy medaliki MB Niepokalanej i wr\u0119czymy je dzieciom. Uroczysto\u015b\u0107 Niepokalanego Pocz\u0119cia jest tak\u017ce jednym ze \u015bwi\u0105t patronalnych <strong>Bractwa Szkaplerza \u015awi\u0119tego<\/strong> i\u00a0z\u00a0tej okazji b\u0119dzie mo\u017cliwo\u015b\u0107 w\u0142\u0105czenia si\u0119 do Bractwa poprzez uroczyste przyj\u0119cie znaku szkaplerza. Wszystkich zainteresowanych prosimy o zg\u0142aszanie si\u0119 do opiekuna ks. Piotra.<\/li>\n<li>W Uroczysto\u015b\u0107 Niepokalanego Pocz\u0119cia NMP zapraszamy wszystkich, pocz\u0105wszy od dzieci, poprzez m\u0142odzie\u017c, ma\u0142\u017conk\u00f3w a na starszych sko\u0144czywszy, na specjalne <strong>Nabo\u017ce\u0144stwo Uwielbienia po\u015bwi\u0119cone Maryi i tajemnicy Jej Niepokalanego Pocz\u0119cia<\/strong>, kt\u00f3re rozpocznie si\u0119 po Mszy \u015bw. wieczornej.<\/li>\n<li>W pi\u0105tek, ze wzgl\u0119du na Uroczysto\u015b\u0107 Niepokalanego Pocz\u0119cia NMP, <strong>nie obowi\u0105zuje wstrzemi\u0119\u017aliwo\u015b\u0107 od pokarm\u00f3w mi\u0119snych.<\/strong><\/li>\n<li>W najbli\u017csz\u0105 niedziel\u0119 do Bazyliki OO<strong>. <\/strong>Bernardyn\u00f3w odb\u0119dzie si\u0119 <strong>XI Pielgrzymka Pszczelarzy<\/strong> z Podkarpacia. Uroczysta Msza \u015bw. w ich intencji o godz. 11.00 a po niej kiermasz miod\u00f3w i wyrob\u00f3w woskowych.<\/li>\n<li><strong>W Siewcy<\/strong> s\u0105 ju\u017c do nabycia wigilijne <strong>\u015bwiece Caritas <\/strong>w cenie minimalnej 5 z\u0142., prasa katolicka, kalendarze oraz lampiony na roraty dla dzieci.<\/li>\n<li>Parafia Tarnawiec zaprasza na <strong>Maryjne Rekolekcje Ewangelizacyjne<\/strong> a Ojcowie Bernardyni na <strong>XXVII Bernardy\u0144skie Rekolekcje Pomocy Rodzinom Dysfunkcyjnym.<\/strong> Szczeg\u00f3\u0142y na tablicy og\u0142osze\u0144.<\/li>\n<li><strong>Caritas &#8211; Oddzia\u0142 Le\u017cajsk<\/strong> w najbli\u017cszy pi\u0105tek i sobot\u0119 8 i 9 grudnia, organizuje zbi\u00f3rk\u0119 \u017cywno\u015bci w sklepach na terenie Le\u017cajska. Zebrana \u017cywno\u015b\u0107 pos\u0142u\u017cy przygotowywaniu posi\u0142k\u00f3w w naszym Oddziale i paczek na \u015bwi\u0119ta dla potrzebuj\u0105cych.<\/li>\n<li>Dzisiejsza taca mszalna jest przeznaczona <strong>na potrzeby Seminarium Duchownego w\u00a0Przemy\u015blu<\/strong> za\u015b w przysz\u0142\u0105, z\u00a0racji II niedzieli miesi\u0105ca, taca b\u0119dzie przeznaczona <strong>na planowane dalsze prace remontowe przy naszej parafii.<\/strong> W minionym tygodniu dobieg\u0142y ko\u0144ca prace konserwatorskie polegaj\u0105ce na wymianie wi\u0119\u017aby dachowej przy ko\u015bciele Jezusa Mi\u0142osiernego. Jak ju\u017c informowali\u015bmy, remont ten zosta\u0142 w ca\u0142o\u015bci sfinansowany z tzw. Funduszu Ko\u015bcielnego. Prace przy elewacji ko\u015bcio\u0142a zosta\u0142y odroczone do wiosny przysz\u0142ego roku. Wtedy te\u017c rozpoczn\u0105 si\u0119 prace konserwatorskie przy polichromii we wn\u0119trzu tego\u017c ko\u015bcio\u0142a. W czasie ostatniej zbi\u00f3rki ofiar z\u00a0przeznaczeniem na ten cel zebrano \u0142\u0105cznie z wp\u0142atami na konto kwot\u0119 <strong>19 425 z\u0142.<\/strong> Tym samym na dzie\u0144 dzisiejszy na naszym koncie inwestycyjnym mamy kwot\u0119 <strong>142 ty\u015b z\u0142.<\/strong> Wszystkim darczy\u0144com za ka\u017cd\u0105 przekazan\u0105 z\u0142ot\u00f3wk\u0119, za \u017cyczliwo\u015b\u0107 i\u00a0zrozumienie sk\u0142adamy serdeczne B\u00f3g zap\u0142a\u0107.<\/li>\n<\/ol>\n<p><em>\u00a0<\/em><strong><u>Intencje zbiorowe: <\/u><\/strong><\/p>\n<ul>\n<li>Za \u015bp. Aleksandra Serafin \u2013 intencja od pracownik\u00f3w Nadle\u015bnictwa Le\u017cajsk \u2013 wtorek, godz. 18.00.<\/li>\n<li>Msza \u015bw. w intencji mieszka\u0144c\u00f3w ulic i os\u00f3b modl\u0105cych si\u0119 w maju przy kapliczce obok stadionu \u2013 wtorek, godz. 18.00.<\/li>\n<li>Za \u015bp. Aniel\u0119 i Augustyna Buszta, d\u0142ugoletnich opiekun\u00f3w kapliczki obok stadionu i zmar\u0142ych z s\u0105siednich ulic \u2013 \u015broda, godz. 18.00.<\/li>\n<li>W intencji nowennowych pr\u00f3\u015bb i podzi\u0119kowa\u0144 do MB \u2013 \u015broda, godz. 18.00.<\/li>\n<li>Za \u015bp. Wies\u0142awa Gumu\u0142\u0119 \u2013 intencja od kole\u017canek c\u00f3rki z pracy \u2013 czwartek, godz. 18.00.<\/li>\n<li>Za \u015bp. J\u00f3zefa Buszt\u0119 \u2013 intencja od kole\u017canek i koleg\u00f3w z rocznika matury 1951 \u2013 pi\u0105tek, godz. 10.00.<\/li>\n<li>Z intencji Ko\u0142a Przyjaci\u00f3\u0142 Radia Maryja \u2013 pi\u0105tek, godz. 16.00.<\/li>\n<li>Z intencji Bractwa Szkaplerza \u015awi\u0119tego \u2013 sobota godz. 18.00.<\/li>\n<\/ul>\n<p>W ostatnim tygodniu odszed\u0142 od nas do wieczno\u015bci <strong>\u015bp. Kazimierz Garbacki<\/strong> z ul. Jaros\u0142awskiej \u2013 wieczny odpoczynek \u2026..<\/p>\n","protected":false},"excerpt":{"rendered":"<p>Dzi\u015b rozpocz\u0119li\u015bmy Adwent, czas radosnego i pobo\u017cnego oczekiwania na przyj\u015bcie Pana, b\u0119d\u0105cy r\u00f3wnocze\u015bnie pocz\u0105tkiem nowego rok duszpasterskiego, kt\u00f3remu b\u0119dzie towarzyszy\u0107 has\u0142o \u201eJeste\u015bmy nape\u0142nieni Duchem \u015awi\u0119tym\u201d. Dzi\u015b I niedziela miesi\u0105ca. Wieczorem nowenna przed Uroczysto\u015bci\u0105 Niepokalanego Pocz\u0119cia o godz. 17.30 a po niej Msza \u015bw. wieczorna. W tygodniu do czwartku w\u0142\u0105cznie, nowenna tak\u017ce o godz. 17.30. Przypominamy, [&hellip;]<\/p>\n","protected":false},"author":4,"featured_media":0,"comment_status":"closed","ping_status":"open","sticky":false,"template":"","format":"standard","meta":[],"categories":[5],"tags":[],"_links":{"self":[{"href":"https:\/\/lezajsk.przemyska.pl\/index.php?rest_route=\/wp\/v2\/posts\/5282"}],"collection":[{"href":"https:\/\/lezajsk.przemyska.pl\/index.php?rest_route=\/wp\/v2\/posts"}],"about":[{"href":"https:\/\/lezajsk.przemyska.pl\/index.php?rest_route=\/wp\/v2\/types\/post"}],"author":[{"embeddable":true,"href":"https:\/\/lezajsk.przemyska.pl\/index.php?rest_route=\/wp\/v2\/users\/4"}],"replies":[{"embeddable":true,"href":"https:\/\/lezajsk.przemyska.pl\/index.php?rest_route=%2Fwp%2Fv2%2Fcomments&post=5282"}],"version-history":[{"count":5,"href":"https:\/\/lezajsk.przemyska.pl\/index.php?rest_route=\/wp\/v2\/posts\/5282\/revisions"}],"predecessor-version":[{"id":5287,"href":"https:\/\/lezajsk.przemyska.pl\/index.php?rest_route=\/wp\/v2\/posts\/5282\/revisions\/5287"}],"wp:attachment":[{"href":"https:\/\/lezajsk.przemyska.pl\/index.php?rest_route=%2Fwp%2Fv2%2Fmedia&parent=5282"}],"wp:term":[{"taxonomy":"category","embeddable":true,"href":"https:\/\/lezajsk.przemyska.pl\/index.php?rest_route=%2Fwp%2Fv2%2Fcategories&post=5282"},{"taxonomy":"post_tag","embeddable":true,"href":"https:\/\/lezajsk.przemyska.pl\/index.php?rest_route=%2Fwp%2Fv2%2Ftags&post=5282"}],"curies":[{"name":"wp","href":"https:\/\/api.w.org\/{rel}","templated":true}]}}