
{"id":5268,"date":"2017-11-25T20:38:17","date_gmt":"2017-11-25T19:38:17","guid":{"rendered":"http:\/\/lezajsk.przemyska.pl\/?p=5268"},"modified":"2017-11-26T13:55:03","modified_gmt":"2017-11-26T12:55:03","slug":"uroczystosc-chrystusa-krola-26-11-2017-r","status":"publish","type":"post","link":"https:\/\/lezajsk.przemyska.pl\/?p=5268","title":{"rendered":"Uroczysto\u015b\u0107 Chrystusa Kr\u00f3la (26.11.2017 r.)"},"content":{"rendered":"<ol>\n<li>Dzi\u015b <strong>ostatnia niedziela roku liturgicznego obchodzona jako Uroczysto\u015b\u0107 Chrystusa Kr\u00f3la.<\/strong> Z tej okazji po ka\u017cdej Mszy \u015bw. odnowimy wsp\u00f3lnie jako Rodzina Parafialna Jubileuszowy <strong>Akt Przyj\u0119cia Jezusa Chrystusa za Kr\u00f3la i Pana. Uczynili\u015bmy to przed rokiem jako Parafia, potem jako rodzina w domu i ka\u017cdy z nas osobi\u015bcie. <\/strong>Wydrukowane teksty aktu otrzymali\u015bmy przed rokiem a gdyby by\u0142a trudno\u015b\u0107 z jego odnalezieniem, jest on zamieszczony na naszej stronie parafialnej. Zadbajmy o to, aby ka\u017cdy z nas i w miar\u0119 mo\u017cliwo\u015bci z ca\u0142\u0105 rodzin\u0105, dokona\u0142 dzi\u015b ponownie <strong>intronizacji Jezusa Chrystusa jako Kr\u00f3la i Pana naszego \u017cycia<\/strong>. Pami\u0119tajmy tak\u017ce, \u017ce przed 17 \u2013 laty jako mieszka\u0144cy Miasta Le\u017cajska i Ziemi Le\u017cajskiej dokonali\u015bmy ju\u017c takiej intronizacji i\u00a0zawierzyli\u015bmy Chrystusowi Kr\u00f3lowi nasze losy. Niech ta \u015bwiadomo\u015b\u0107 ci\u0105gle mobilizuje, umacnia nasz\u0105 wiar\u0119 i kszta\u0142tuje nasze postawy, na co dzie\u0144.<\/li>\n<li>Tak\u017ce dzi\u015b i w tygodniu do\u00a0wtorku w\u0142\u0105cznie <strong>o godz. 17.30 wypominki <\/strong>z modlitw\u0105 r\u00f3\u017ca\u0144cow\u0105 za naszych bliskich zmar\u0142ych.<\/li>\n<li>We wtorek o godz. 15.30 <strong>zbi\u00f3rka dla wszystkich ministrant\u00f3w i lektor\u00f3w<\/strong>.<\/li>\n<li>W \u015brod\u0119 o godz. 17.30 rozpoczniemy uroczyst\u0105 <strong>Nowenn\u0119 przed Uroczysto\u015bci\u0105 Niepokalanego Pocz\u0119cia NMP.<\/strong> B\u0119dzie si\u0119 ona rozpoczyna\u0107 codziennie wystawieniem Naj\u015bwi\u0119tszego Sakramentu o godz. 17.30 a po nowennie Msza \u015bw. Przypominamy, \u017ce uczestnictwo w nowennie, na kt\u00f3r\u0105 serdecznie wszystkich zapraszamy, jest naszym duchowym przygotowaniem do \u015bwi\u0105t Bo\u017cego Narodzenia.<\/li>\n<li>W czwartek przypada <strong>\u015bwi\u0119to \u015bw. Andrzeja Aposto\u0142a<\/strong>.<\/li>\n<li>W tym tygodniu przypada <strong>I pi\u0105tek i I sobota miesi\u0105ca<\/strong>. <strong><span style=\"color: #ff0000;\">Spowied\u017a w pi\u0105tek od godz. 16.00<\/span><\/strong>. Tak\u017ce w\u00a0pi\u0105tek <strong>odwiedziny chorych w\u00a0domach z\u00a0Komuni\u0105 \u015bw.<\/strong><\/li>\n<li>W pi\u0105tek 1 grudnia w czasie wieczornej Mszy \u015bw. godz. 18.00,<strong> zostan\u0105 po\u015bwi\u0119cone op\u0142atki wigilijne,<\/strong> kt\u00f3re w najbli\u017cszych dniach b\u0119d\u0105 roznoszone do wszystkich rodzin w\u00a0naszej parafii. W\u00a0zwi\u0105zku z powy\u017cszym, w pi\u0105tek po Mszy \u015bw. wieczorniej, zapraszam na spotkanie wszystkich cz\u0142onk\u00f3w Rady Duszpasterskiej, przedstawicieli grup modlitewnych i\u00a0apostolskich oraz tych, kt\u00f3rzy s\u0142u\u017cyli swoj\u0105 pomoc\u0105 przy roznoszeniu op\u0142atk\u00f3w w\u00a0minionych latach lub chc\u0105 w\u0142\u0105czy\u0107 si\u0119 w to dzie\u0142o w\u00a0roku bie\u017c\u0105cym. Wszystkich za\u015b parafian prosimy o przyj\u0119cie op\u0142atk\u00f3w, a\u00a0z\u0142o\u017cone z tej okazji ofiary zasil\u0105 fundusz remontowy naszej parafii.<\/li>\n<li>W sobot\u0119 wszystkich czcicieli Matki Bo\u017cej zapraszamy na <strong>nabo\u017ce\u0144stwo I soboty<\/strong>, <strong>wynagradzaj\u0105ce Niepokalanemu Sercu NMP<\/strong>, po\u0142\u0105czone z Nowenn\u0105 przed Niepokalanym Pocz\u0119ciem i\u00a0modlitw\u0105 r\u00f3\u017ca\u0144cow\u0105, rozpocznie ono o godz. 17.00.<\/li>\n<li>Od przysz\u0142ej niedzieli rozpoczynamy <strong>Adwent<\/strong> \u2013 czas radosnego ale i pobo\u017cnego oczekiwania na przyj\u015bcie Jezusa Chrystusa.<\/li>\n<li>W Siewcy do nabycia <strong>prasa i publikacje katolickie<\/strong>. Polecamy te\u017c elektryczne lampiony dla dzieci na roraty (jest ich du\u017cy wyb\u00f3r) i ju\u017c dzi\u015b bardzo prosimy, aby nie dawa\u0107 dzieciom lampion\u00f3w woskowych, poniewa\u017c powstaj\u0105 trudne do usuni\u0119cia plamy na \u0142awkach, siedziskach i posadzce. Z r\u0105k ministrant\u00f3w mo\u017cna odebra\u0107 kolejny darmowy numer <strong>Dobrych Nowin<\/strong>.<\/li>\n<li><strong>Przychodnia Specjalistyczna<\/strong> przy naszym szpitalu zaprasza na bezp\u0142atne badania ramach profilaktyki raka jelita grubego oraz inne badania. Szczeg\u00f3\u0142y na tablicy og\u0142osze\u0144.<\/li>\n<\/ol>\n<p><u><\/u><strong><u>Intencje zbiorowe: <\/u><\/strong><\/p>\n<ul>\n<li>W intencji by\u0142ych i obecnych pracownik\u00f3w Przedszkola SS. S\u0142u\u017cebniczek \u2013 wtorek, godz. 6.30.<\/li>\n<li>W intencji mieszka\u0144c\u00f3w ul. Moniuszki i s\u0105siednich modl\u0105cych si\u0119 w maju przy kapliczce \u2013 \u015broda, godz. 6.30, za zmar\u0142ych z tych ulic \u2013 czwartek, godz. 6.30 i w intencji ksi\u0119\u017cy z naszej parafii od tych\u017ce mieszka\u0144c\u00f3w \u2013 pi\u0105tek, godz. 6.30.<\/li>\n<li>Za \u015bp. Helen\u0119 Kulpa \u2013 intencja od Si\u00f3str z R\u00f3\u017cy b\u0142. Anieli Salawy \u2013 \u015broda, godz. 6.30 i od pracownik\u00f3w Zespo\u0142u Administracji Budynk\u00f3w nr 3 z Nowego S\u0105cza \u2013 czwartek, godz. 6.30..<\/li>\n<li>W intencji nowennowych pr\u00f3\u015bb i podzi\u0119kowa\u0144 do MB Pocieszenia \u2013 \u015broda, godz. 18.00.<\/li>\n<li>Msze \u015bw. gregoria\u0144skie za \u015bp. Jana Wnuk, pocz\u0105tek \u2013 pi\u0105tek, godz. 6.30.<\/li>\n<li>Msze \u015bw. gregoria\u0144skie za \u015bp. Mari\u0119 \u0141aput, pocz\u0105tek \u2013 pi\u0105tek, godz. 7.00.<\/li>\n<li>Z intencji Stra\u017cy Honorowej NSPJ \u2013 pi\u0105tek, godz. 18.00.<\/li>\n<li>Za \u015bp. Iren\u0119 Kisielewicz \u2013 intencja od s\u0105siad\u00f3w z bloku przy ul. Staszica 3 \u2013 sobota, godz. 6.30.<\/li>\n<li>Z intencji Bractwa Szkaplerza \u015awi\u0119tego \u2013 sobota, godz. 18.00.<\/li>\n<li>Z R\u00f3\u017cy \u015bw. Barbary &#8211;\u00a0 niedziela, godz. 8.30.<\/li>\n<li>Z R\u00f3\u017cy \u015bw. Bernadetty \u2013 niedziela, godz. 10.00.<\/li>\n<li>Za \u015bp. Aleksandra Serafin \u00a0\u2013 intencja od pracownik\u00f3w Nadle\u015bnictwa Le\u017cajsk \u2013 niedziela, godz. 16.00.<\/li>\n<\/ul>\n","protected":false},"excerpt":{"rendered":"<p>Dzi\u015b ostatnia niedziela roku liturgicznego obchodzona jako Uroczysto\u015b\u0107 Chrystusa Kr\u00f3la. Z tej okazji po ka\u017cdej Mszy \u015bw. odnowimy wsp\u00f3lnie jako Rodzina Parafialna Jubileuszowy Akt Przyj\u0119cia Jezusa Chrystusa za Kr\u00f3la i Pana. Uczynili\u015bmy to przed rokiem jako Parafia, potem jako rodzina w domu i ka\u017cdy z nas osobi\u015bcie. Wydrukowane teksty aktu otrzymali\u015bmy przed rokiem a gdyby [&hellip;]<\/p>\n","protected":false},"author":4,"featured_media":0,"comment_status":"closed","ping_status":"open","sticky":false,"template":"","format":"standard","meta":[],"categories":[5],"tags":[],"_links":{"self":[{"href":"https:\/\/lezajsk.przemyska.pl\/index.php?rest_route=\/wp\/v2\/posts\/5268"}],"collection":[{"href":"https:\/\/lezajsk.przemyska.pl\/index.php?rest_route=\/wp\/v2\/posts"}],"about":[{"href":"https:\/\/lezajsk.przemyska.pl\/index.php?rest_route=\/wp\/v2\/types\/post"}],"author":[{"embeddable":true,"href":"https:\/\/lezajsk.przemyska.pl\/index.php?rest_route=\/wp\/v2\/users\/4"}],"replies":[{"embeddable":true,"href":"https:\/\/lezajsk.przemyska.pl\/index.php?rest_route=%2Fwp%2Fv2%2Fcomments&post=5268"}],"version-history":[{"count":4,"href":"https:\/\/lezajsk.przemyska.pl\/index.php?rest_route=\/wp\/v2\/posts\/5268\/revisions"}],"predecessor-version":[{"id":5275,"href":"https:\/\/lezajsk.przemyska.pl\/index.php?rest_route=\/wp\/v2\/posts\/5268\/revisions\/5275"}],"wp:attachment":[{"href":"https:\/\/lezajsk.przemyska.pl\/index.php?rest_route=%2Fwp%2Fv2%2Fmedia&parent=5268"}],"wp:term":[{"taxonomy":"category","embeddable":true,"href":"https:\/\/lezajsk.przemyska.pl\/index.php?rest_route=%2Fwp%2Fv2%2Fcategories&post=5268"},{"taxonomy":"post_tag","embeddable":true,"href":"https:\/\/lezajsk.przemyska.pl\/index.php?rest_route=%2Fwp%2Fv2%2Ftags&post=5268"}],"curies":[{"name":"wp","href":"https:\/\/api.w.org\/{rel}","templated":true}]}}