
{"id":5262,"date":"2017-11-25T16:25:54","date_gmt":"2017-11-25T15:25:54","guid":{"rendered":"http:\/\/lezajsk.przemyska.pl\/?p=5262"},"modified":"2017-11-25T16:41:38","modified_gmt":"2017-11-25T15:41:38","slug":"29-11-7-12-nowenna-przed-niepokalanym-poczeciem","status":"publish","type":"post","link":"https:\/\/lezajsk.przemyska.pl\/?p=5262","title":{"rendered":"29.11 &#8211; 7.12. NOWENNA przed Niepokalanym Pocz\u0119ciem."},"content":{"rendered":"<p>Jak co roku, zapraszamy na duchowe przygotowanie do Uroczysto\u015bci Niepokalanego Pocz\u0119cia. Jest ju\u017c tradycj\u0105, \u017ce wraz z Bractwem Szkaplerza \u015awi\u0119tego trwamy na wsp\u00f3lnej modlitwie. Czas ten, to takie &#8222;ma\u0142e REKOLEKCJE&#8221; przed nowym rokiem duszpasterskim, kt\u00f3ry rozpoczniemy od 1 Niedzieli Adwentu. To tak\u017ce czas przygotowa\u0144 do \u015awi\u0105t Bo\u017cego Narodzenia dla ca\u0142ej naszej parafii. Zach\u0119camy i zapraszamy do wsp\u00f3lnej modlitwy. Grupy modlitewne prosimy o podj\u0119cie przygotowania liturgii Mszy \u015awi\u0119tych podczas Nowenny, wed\u0142ug nast\u0119puj\u0105cego porz\u0105dku:<\/p>\n<p>dzie\u0144 1 (29.11.2017) &#8211; R\u00f3\u017ce R\u00f3\u017ca\u0144cowe M\u0119skie<\/p>\n<p>dzie\u0144 2\u00a0(30.11.2017) &#8211; Domowy Ko\u015bci\u00f3\u0142<\/p>\n<p>dzie\u0144 3\u00a0(1.12.2017) &#8211; Oaza Nowego \u017bycia i Dzieci Bo\u017cych<\/p>\n<p>dzie\u0144 4\u00a0(2.12.2017) &#8211; Bractwo Szkaplerza \u015awi\u0119tego<\/p>\n<p>dzie\u0144 5\u00a0(3.12.2017) &#8211; Duszpasterstwo Nauczycieli<\/p>\n<p>dzie\u0144 6\u00a0(4.12.2017) &#8211; Apostolstwo Pomocy Duszom Czy\u015b\u0107cowym i Dzie\u0142o Pomocy Powo\u0142aniom<\/p>\n<p>dzie\u0144 7\u00a0(5.12.2017) &#8211; Akcja Katolicka<\/p>\n<p>dzie\u0144 8\u00a0(6.12.2017) &#8211; R\u00f3\u017ce R\u00f3\u017ca\u0144cowe Kobiece<\/p>\n<p>dzie\u0144 9\u00a0(7.12.2017) &#8211; Stra\u017c Honorowa NSPJ<\/p>\n<p>&nbsp;<\/p>\n","protected":false},"excerpt":{"rendered":"<p>Jak co roku, zapraszamy na duchowe przygotowanie do Uroczysto\u015bci Niepokalanego Pocz\u0119cia. Jest ju\u017c tradycj\u0105, \u017ce wraz z Bractwem Szkaplerza \u015awi\u0119tego trwamy na wsp\u00f3lnej modlitwie. Czas ten, to takie &#8222;ma\u0142e REKOLEKCJE&#8221; przed nowym rokiem duszpasterskim, kt\u00f3ry rozpoczniemy od 1 Niedzieli Adwentu. To tak\u017ce czas przygotowa\u0144 do \u015awi\u0105t Bo\u017cego Narodzenia dla ca\u0142ej naszej parafii. Zach\u0119camy i zapraszamy [&hellip;]<\/p>\n","protected":false},"author":5,"featured_media":5263,"comment_status":"closed","ping_status":"open","sticky":false,"template":"","format":"standard","meta":[],"categories":[4],"tags":[],"_links":{"self":[{"href":"https:\/\/lezajsk.przemyska.pl\/index.php?rest_route=\/wp\/v2\/posts\/5262"}],"collection":[{"href":"https:\/\/lezajsk.przemyska.pl\/index.php?rest_route=\/wp\/v2\/posts"}],"about":[{"href":"https:\/\/lezajsk.przemyska.pl\/index.php?rest_route=\/wp\/v2\/types\/post"}],"author":[{"embeddable":true,"href":"https:\/\/lezajsk.przemyska.pl\/index.php?rest_route=\/wp\/v2\/users\/5"}],"replies":[{"embeddable":true,"href":"https:\/\/lezajsk.przemyska.pl\/index.php?rest_route=%2Fwp%2Fv2%2Fcomments&post=5262"}],"version-history":[{"count":3,"href":"https:\/\/lezajsk.przemyska.pl\/index.php?rest_route=\/wp\/v2\/posts\/5262\/revisions"}],"predecessor-version":[{"id":5266,"href":"https:\/\/lezajsk.przemyska.pl\/index.php?rest_route=\/wp\/v2\/posts\/5262\/revisions\/5266"}],"wp:featuredmedia":[{"embeddable":true,"href":"https:\/\/lezajsk.przemyska.pl\/index.php?rest_route=\/wp\/v2\/media\/5263"}],"wp:attachment":[{"href":"https:\/\/lezajsk.przemyska.pl\/index.php?rest_route=%2Fwp%2Fv2%2Fmedia&parent=5262"}],"wp:term":[{"taxonomy":"category","embeddable":true,"href":"https:\/\/lezajsk.przemyska.pl\/index.php?rest_route=%2Fwp%2Fv2%2Fcategories&post=5262"},{"taxonomy":"post_tag","embeddable":true,"href":"https:\/\/lezajsk.przemyska.pl\/index.php?rest_route=%2Fwp%2Fv2%2Ftags&post=5262"}],"curies":[{"name":"wp","href":"https:\/\/api.w.org\/{rel}","templated":true}]}}