
{"id":5202,"date":"2017-11-11T21:21:50","date_gmt":"2017-11-11T20:21:50","guid":{"rendered":"http:\/\/lezajsk.przemyska.pl\/?p=5202"},"modified":"2017-11-11T21:22:40","modified_gmt":"2017-11-11T20:22:40","slug":"ix-dzien-solidarnosci-z-kosciolem-przesladowanym","status":"publish","type":"post","link":"https:\/\/lezajsk.przemyska.pl\/?p=5202","title":{"rendered":"IX DZIE\u0143 SOLIDARNO\u015aCI Z KO\u015aCIO\u0141EM PRZE\u015aLADOWANYM"},"content":{"rendered":"<p>Nasz Pan, Jezus Chrystus w dzisiejszej Ewangelii zaprasza nas do czujno\u015bci: \u201eCzuwajcie wi\u0119c, bo nie znacie dnia ani godziny\u201d (Mt 25, 13). W ca\u0142ej historii Ko\u015bcio\u0142a widzimy znaki, kt\u00f3re wzywaj\u0105 do bycia czujnym na obecno\u015b\u0107 dobra i z\u0142a. Nie mo\u017cemy straci\u0107 okazji by stawa\u0107 si\u0119 dobrymi i nie ulega\u0107 grzechowi. Szczeg\u00f3ln\u0105 czujno\u015bci\u0105 winni\u015bmy wykaza\u0107 si\u0119 wzgl\u0119dem naszych braci i si\u00f3str chrze\u015bcijan z Bliskiego Wschodu, kt\u00f3rzy nadal cierpi\u0105, daj\u0105c \u015bwiadectwo swej wiary a\u017c po najwy\u017csz\u0105 ofiar\u0119 w\u0142asnego \u017cycia.<strong> Dzisiaj Ko\u015bci\u00f3\u0142 w Polsce ju\u017c po raz dziewi\u0105ty obchodzi Dzie\u0144 Solidarno\u015bci z Ko\u015bcio\u0142em Prze\u015bladowanym. Wspieramy duchowo i materialnie tych, kt\u00f3rzy z powodu imienia Jezus do\u015bwiadczaj\u0105 wyp\u0119dzenia ze swoich dom\u00f3w, grabie\u017cy, nak\u0142adania wysokich podatk\u00f3w. Ka\u017cdego dnia musz\u0105 chroni\u0107 swoich najbli\u017cszych tylko dlatego, \u017ce s\u0105 chrze\u015bcijanami. Dzisiaj w czasie\u00a0 ka\u017cdej Eucharystii w spos\u00f3b szczeg\u00f3lny otaczamy modlitw\u0105 nasze siostry i braci z Bliskiego Wschodu.\u00a0<\/strong><\/p>\n<p>Czy wiesz, \u017ce &#8230; &#8230;<\/p>\n<p>105 tys. chrze\u015bcijan ginie rocznie za wiar\u0119 w Chrystusa? &#8230;<\/p>\n<p>co 5 minut ginie 1 chrze\u015bcijanin? &#8230;<\/p>\n<p>200 milion\u00f3w chrze\u015bcijan jest brutalnie prze\u015bladowanych? &#8230;<\/p>\n<p>w 116 krajach \u015bwiata \u0142amane jest prawo do wolno\u015bci religijnej? &#8230;<\/p>\n<p>350 milion\u00f3w chrze\u015bcijan poddawanych jest r\u00f3\u017cnym formom dyskryminacji.<\/p>\n<h2><span style=\"color: #ff0000;\"><strong>Wy\u015blij SMS o tre\u015bci RATUJE pod nr 72405<\/strong><\/span><\/h2>\n","protected":false},"excerpt":{"rendered":"<p>Nasz Pan, Jezus Chrystus w dzisiejszej Ewangelii zaprasza nas do czujno\u015bci: \u201eCzuwajcie wi\u0119c, bo nie znacie dnia ani godziny\u201d (Mt 25, 13). W ca\u0142ej historii Ko\u015bcio\u0142a widzimy znaki, kt\u00f3re wzywaj\u0105 do bycia czujnym na obecno\u015b\u0107 dobra i z\u0142a. Nie mo\u017cemy straci\u0107 okazji by stawa\u0107 si\u0119 dobrymi i nie ulega\u0107 grzechowi. Szczeg\u00f3ln\u0105 czujno\u015bci\u0105 winni\u015bmy wykaza\u0107 si\u0119 [&hellip;]<\/p>\n","protected":false},"author":5,"featured_media":5203,"comment_status":"closed","ping_status":"open","sticky":false,"template":"","format":"standard","meta":[],"categories":[4],"tags":[],"_links":{"self":[{"href":"https:\/\/lezajsk.przemyska.pl\/index.php?rest_route=\/wp\/v2\/posts\/5202"}],"collection":[{"href":"https:\/\/lezajsk.przemyska.pl\/index.php?rest_route=\/wp\/v2\/posts"}],"about":[{"href":"https:\/\/lezajsk.przemyska.pl\/index.php?rest_route=\/wp\/v2\/types\/post"}],"author":[{"embeddable":true,"href":"https:\/\/lezajsk.przemyska.pl\/index.php?rest_route=\/wp\/v2\/users\/5"}],"replies":[{"embeddable":true,"href":"https:\/\/lezajsk.przemyska.pl\/index.php?rest_route=%2Fwp%2Fv2%2Fcomments&post=5202"}],"version-history":[{"count":2,"href":"https:\/\/lezajsk.przemyska.pl\/index.php?rest_route=\/wp\/v2\/posts\/5202\/revisions"}],"predecessor-version":[{"id":5205,"href":"https:\/\/lezajsk.przemyska.pl\/index.php?rest_route=\/wp\/v2\/posts\/5202\/revisions\/5205"}],"wp:featuredmedia":[{"embeddable":true,"href":"https:\/\/lezajsk.przemyska.pl\/index.php?rest_route=\/wp\/v2\/media\/5203"}],"wp:attachment":[{"href":"https:\/\/lezajsk.przemyska.pl\/index.php?rest_route=%2Fwp%2Fv2%2Fmedia&parent=5202"}],"wp:term":[{"taxonomy":"category","embeddable":true,"href":"https:\/\/lezajsk.przemyska.pl\/index.php?rest_route=%2Fwp%2Fv2%2Fcategories&post=5202"},{"taxonomy":"post_tag","embeddable":true,"href":"https:\/\/lezajsk.przemyska.pl\/index.php?rest_route=%2Fwp%2Fv2%2Ftags&post=5202"}],"curies":[{"name":"wp","href":"https:\/\/api.w.org\/{rel}","templated":true}]}}