
{"id":479,"date":"2017-03-04T06:27:21","date_gmt":"2017-03-04T05:27:21","guid":{"rendered":"http:\/\/lezajsk.przemyska.pl\/?p=479"},"modified":"2017-03-04T06:40:11","modified_gmt":"2017-03-04T05:40:11","slug":"rok-formacyjny-201516","status":"publish","type":"post","link":"https:\/\/lezajsk.przemyska.pl\/?p=479","title":{"rendered":"Rok formacyjny 2015\/16"},"content":{"rendered":"<p><strong>Has\u0142o:<\/strong> \u201eW mocy Ducha \u015awi\u0119tego\u201d<br \/>\n<strong>Moderator: <\/strong>Ks. Wac\u0142aw Zygarowicz.<\/p>\n<div class=\"krag\">\nMa\u0142\u017ce\u0144stwa tworz\u0105ce Kr\u0105g:<\/p>\n<ol>\n<li>Krystyna i Marek Kwieci\u0144scy<\/li>\n<li>Zofia i Jacek Kusy <strong>&#8211; animatorzy<\/strong><\/li>\n<li>Eugenia i Stanis\u0142aw Dec<\/li>\n<li>El\u017cbieta i Witold Krawczyk<\/li>\n<li>Ma\u0142gorzata i Krzysztof Kwieci\u0144scy<\/li>\n<\/ol>\n<\/div>\n","protected":false},"excerpt":{"rendered":"<p>Has\u0142o: \u201eW mocy Ducha \u015awi\u0119tego\u201d Moderator: Ks. Wac\u0142aw Zygarowicz. Ma\u0142\u017ce\u0144stwa tworz\u0105ce Kr\u0105g: Krystyna i Marek Kwieci\u0144scy Zofia i Jacek Kusy &#8211; animatorzy Eugenia i Stanis\u0142aw Dec El\u017cbieta i Witold Krawczyk Ma\u0142gorzata i Krzysztof Kwieci\u0144scy<\/p>\n","protected":false},"author":1,"featured_media":480,"comment_status":"closed","ping_status":"open","sticky":false,"template":"","format":"standard","meta":[],"categories":[28],"tags":[],"_links":{"self":[{"href":"https:\/\/lezajsk.przemyska.pl\/index.php?rest_route=\/wp\/v2\/posts\/479"}],"collection":[{"href":"https:\/\/lezajsk.przemyska.pl\/index.php?rest_route=\/wp\/v2\/posts"}],"about":[{"href":"https:\/\/lezajsk.przemyska.pl\/index.php?rest_route=\/wp\/v2\/types\/post"}],"author":[{"embeddable":true,"href":"https:\/\/lezajsk.przemyska.pl\/index.php?rest_route=\/wp\/v2\/users\/1"}],"replies":[{"embeddable":true,"href":"https:\/\/lezajsk.przemyska.pl\/index.php?rest_route=%2Fwp%2Fv2%2Fcomments&post=479"}],"version-history":[{"count":2,"href":"https:\/\/lezajsk.przemyska.pl\/index.php?rest_route=\/wp\/v2\/posts\/479\/revisions"}],"predecessor-version":[{"id":484,"href":"https:\/\/lezajsk.przemyska.pl\/index.php?rest_route=\/wp\/v2\/posts\/479\/revisions\/484"}],"wp:featuredmedia":[{"embeddable":true,"href":"https:\/\/lezajsk.przemyska.pl\/index.php?rest_route=\/wp\/v2\/media\/480"}],"wp:attachment":[{"href":"https:\/\/lezajsk.przemyska.pl\/index.php?rest_route=%2Fwp%2Fv2%2Fmedia&parent=479"}],"wp:term":[{"taxonomy":"category","embeddable":true,"href":"https:\/\/lezajsk.przemyska.pl\/index.php?rest_route=%2Fwp%2Fv2%2Fcategories&post=479"},{"taxonomy":"post_tag","embeddable":true,"href":"https:\/\/lezajsk.przemyska.pl\/index.php?rest_route=%2Fwp%2Fv2%2Ftags&post=479"}],"curies":[{"name":"wp","href":"https:\/\/api.w.org\/{rel}","templated":true}]}}