
{"id":470,"date":"2017-03-04T06:21:51","date_gmt":"2017-03-04T05:21:51","guid":{"rendered":"http:\/\/lezajsk.przemyska.pl\/?p=470"},"modified":"2017-03-04T06:41:00","modified_gmt":"2017-03-04T05:41:00","slug":"rok-formacyjny-200910","status":"publish","type":"post","link":"https:\/\/lezajsk.przemyska.pl\/?p=470","title":{"rendered":"Rok formacyjny 2009\/10"},"content":{"rendered":"<div><strong>Has\u0142o:<\/strong> \u201eCzy\u0144cie uczni\u00f3w ze wszystkich narod\u00f3w\u201d<\/div>\n<div><strong>Moderator:<\/strong> ks. Bogus\u0142aw Kami\u0144ski.<\/div>\n<div class=\"krag\">\nMa\u0142\u017ce\u0144stwa tworz\u0105ce Kr\u0105g:<\/p>\n<ol>\n<li>Krystyna i Marek Kwieci\u0144scy \u2013 animatorzy<\/li>\n<li>Eugenia i Stanis\u0142aw Dec<\/li>\n<li>El\u017cbieta i Witold Krawczyk<\/li>\n<li>Anna i Stanis\u0142aw Murdzia<\/li>\n<li>Ma\u0142gorzata i Krzysztof Kwieci\u0144scy<\/li>\n<\/ol>\n<\/div>\n","protected":false},"excerpt":{"rendered":"<p>Has\u0142o: \u201eCzy\u0144cie uczni\u00f3w ze wszystkich narod\u00f3w\u201d Moderator: ks. Bogus\u0142aw Kami\u0144ski. Ma\u0142\u017ce\u0144stwa tworz\u0105ce Kr\u0105g: Krystyna i Marek Kwieci\u0144scy \u2013 animatorzy Eugenia i Stanis\u0142aw Dec El\u017cbieta i Witold Krawczyk Anna i Stanis\u0142aw Murdzia Ma\u0142gorzata i Krzysztof Kwieci\u0144scy<\/p>\n","protected":false},"author":1,"featured_media":471,"comment_status":"closed","ping_status":"open","sticky":false,"template":"","format":"standard","meta":[],"categories":[28],"tags":[],"_links":{"self":[{"href":"https:\/\/lezajsk.przemyska.pl\/index.php?rest_route=\/wp\/v2\/posts\/470"}],"collection":[{"href":"https:\/\/lezajsk.przemyska.pl\/index.php?rest_route=\/wp\/v2\/posts"}],"about":[{"href":"https:\/\/lezajsk.przemyska.pl\/index.php?rest_route=\/wp\/v2\/types\/post"}],"author":[{"embeddable":true,"href":"https:\/\/lezajsk.przemyska.pl\/index.php?rest_route=\/wp\/v2\/users\/1"}],"replies":[{"embeddable":true,"href":"https:\/\/lezajsk.przemyska.pl\/index.php?rest_route=%2Fwp%2Fv2%2Fcomments&post=470"}],"version-history":[{"count":2,"href":"https:\/\/lezajsk.przemyska.pl\/index.php?rest_route=\/wp\/v2\/posts\/470\/revisions"}],"predecessor-version":[{"id":486,"href":"https:\/\/lezajsk.przemyska.pl\/index.php?rest_route=\/wp\/v2\/posts\/470\/revisions\/486"}],"wp:featuredmedia":[{"embeddable":true,"href":"https:\/\/lezajsk.przemyska.pl\/index.php?rest_route=\/wp\/v2\/media\/471"}],"wp:attachment":[{"href":"https:\/\/lezajsk.przemyska.pl\/index.php?rest_route=%2Fwp%2Fv2%2Fmedia&parent=470"}],"wp:term":[{"taxonomy":"category","embeddable":true,"href":"https:\/\/lezajsk.przemyska.pl\/index.php?rest_route=%2Fwp%2Fv2%2Fcategories&post=470"},{"taxonomy":"post_tag","embeddable":true,"href":"https:\/\/lezajsk.przemyska.pl\/index.php?rest_route=%2Fwp%2Fv2%2Ftags&post=470"}],"curies":[{"name":"wp","href":"https:\/\/api.w.org\/{rel}","templated":true}]}}