
{"id":467,"date":"2017-03-04T06:20:16","date_gmt":"2017-03-04T05:20:16","guid":{"rendered":"http:\/\/lezajsk.przemyska.pl\/?p=467"},"modified":"2017-03-04T06:41:36","modified_gmt":"2017-03-04T05:41:36","slug":"rok-formacyjny-200809","status":"publish","type":"post","link":"https:\/\/lezajsk.przemyska.pl\/?p=467","title":{"rendered":"Rok formacyjny 2008\/09"},"content":{"rendered":"<div><strong>Has\u0142o:<\/strong> \u201eCzy\u0144cie uczni\u00f3w\u201d<\/div>\n<div><strong>Moderator:<\/strong> ks. Pawe\u0142 Pernal.<\/div>\n<div class=\"krag\">\nTematyka miesi\u0119cznych spotka\u0144:<\/p>\n<ol>\n<li>Czy\u0144cie uczni\u00f3w ukazuj\u0105c Jezusa jako Pana<\/li>\n<li>Modlitwa za zmar\u0142ych w Biblii i tradycji chrze\u015bcija\u0144skiej<\/li>\n<li>Bo\u017ce Narodzenie w tradycji i zwyczajach<\/li>\n<li>Rekolekcje ewangelizacyjne<\/li>\n<li>Czy\u0144cie uczni\u00f3w zdolnych do dawania \u015bwiadectwa<\/li>\n<li>Misterium Paschalne \u2013 Liturgia Triduum<\/li>\n<li>Czy\u0144cie uczni\u00f3w wpatrzonych w Maryj\u0119<\/li>\n<li>Czy\u0144cie uczni\u00f3w \u017cyj\u0105cych S\u0142owem Bo\u017cym<\/li>\n<\/ol>\n<p>Ma\u0142\u017ce\u0144stwa tworz\u0105ce Kr\u0105g:<\/p>\n<ol>\n<li>El\u017cbieta i Witold Krawczyk \u2013 animatorzy<\/li>\n<li>Eugenia i Stanis\u0142aw Dec<\/li>\n<li>Krystyna i Marek Kwieci\u0144scy<\/li>\n<li>Ma\u0142gorzata i Krzysztof Kwieci\u0144scy<\/li>\n<li>Anna i Stanis\u0142aw Murdzia<\/li>\n<li>Danuta i Jan Piotrowscy<\/li>\n<\/ol>\n<\/div>\n","protected":false},"excerpt":{"rendered":"<p>Has\u0142o: \u201eCzy\u0144cie uczni\u00f3w\u201d Moderator: ks. Pawe\u0142 Pernal. Tematyka miesi\u0119cznych spotka\u0144: Czy\u0144cie uczni\u00f3w ukazuj\u0105c Jezusa jako Pana Modlitwa za zmar\u0142ych w Biblii i tradycji chrze\u015bcija\u0144skiej Bo\u017ce Narodzenie w tradycji i zwyczajach Rekolekcje ewangelizacyjne Czy\u0144cie uczni\u00f3w zdolnych do dawania \u015bwiadectwa Misterium Paschalne \u2013 Liturgia Triduum Czy\u0144cie uczni\u00f3w wpatrzonych w Maryj\u0119 Czy\u0144cie uczni\u00f3w \u017cyj\u0105cych S\u0142owem Bo\u017cym Ma\u0142\u017ce\u0144stwa tworz\u0105ce [&hellip;]<\/p>\n","protected":false},"author":1,"featured_media":468,"comment_status":"closed","ping_status":"open","sticky":false,"template":"","format":"standard","meta":[],"categories":[28],"tags":[],"_links":{"self":[{"href":"https:\/\/lezajsk.przemyska.pl\/index.php?rest_route=\/wp\/v2\/posts\/467"}],"collection":[{"href":"https:\/\/lezajsk.przemyska.pl\/index.php?rest_route=\/wp\/v2\/posts"}],"about":[{"href":"https:\/\/lezajsk.przemyska.pl\/index.php?rest_route=\/wp\/v2\/types\/post"}],"author":[{"embeddable":true,"href":"https:\/\/lezajsk.przemyska.pl\/index.php?rest_route=\/wp\/v2\/users\/1"}],"replies":[{"embeddable":true,"href":"https:\/\/lezajsk.przemyska.pl\/index.php?rest_route=%2Fwp%2Fv2%2Fcomments&post=467"}],"version-history":[{"count":2,"href":"https:\/\/lezajsk.przemyska.pl\/index.php?rest_route=\/wp\/v2\/posts\/467\/revisions"}],"predecessor-version":[{"id":487,"href":"https:\/\/lezajsk.przemyska.pl\/index.php?rest_route=\/wp\/v2\/posts\/467\/revisions\/487"}],"wp:featuredmedia":[{"embeddable":true,"href":"https:\/\/lezajsk.przemyska.pl\/index.php?rest_route=\/wp\/v2\/media\/468"}],"wp:attachment":[{"href":"https:\/\/lezajsk.przemyska.pl\/index.php?rest_route=%2Fwp%2Fv2%2Fmedia&parent=467"}],"wp:term":[{"taxonomy":"category","embeddable":true,"href":"https:\/\/lezajsk.przemyska.pl\/index.php?rest_route=%2Fwp%2Fv2%2Fcategories&post=467"},{"taxonomy":"post_tag","embeddable":true,"href":"https:\/\/lezajsk.przemyska.pl\/index.php?rest_route=%2Fwp%2Fv2%2Ftags&post=467"}],"curies":[{"name":"wp","href":"https:\/\/api.w.org\/{rel}","templated":true}]}}