
{"id":462,"date":"2017-03-04T06:15:23","date_gmt":"2017-03-04T05:15:23","guid":{"rendered":"http:\/\/lezajsk.przemyska.pl\/?p=462"},"modified":"2017-03-04T06:37:20","modified_gmt":"2017-03-04T05:37:20","slug":"rok-formacyjny-200708","status":"publish","type":"post","link":"https:\/\/lezajsk.przemyska.pl\/?p=462","title":{"rendered":"Rok formacyjny 2007\/08"},"content":{"rendered":"<div><strong>Has\u0142o:<\/strong> \u201eId\u017acie i g\u0142o\u015bcie\u201d<\/div>\n<div><strong>Moderator:<\/strong> ks. Pawe\u0142 Pernal.<\/div>\n<div class=\"krag\">\n<div>Tematyka miesi\u0119cznych spotka\u0144:<\/div>\n<ol>\n<li>Wiara i \u015bwiadectwo<\/li>\n<li>\u015awi\u0119to\u015b\u0107 w rodzinie<\/li>\n<li>Modlitwa chrze\u015bcijanina<\/li>\n<li>Grzech i jego skutki<\/li>\n<li>Rado\u015b\u0107 chrze\u015bcijanina<\/li>\n<li>Cierpienie<\/li>\n<li>Kobieta w Pi\u015bmie \u015awi\u0119tym i rodzinie<\/li>\n<li>Eucharystia<\/li>\n<li>Maryja w Pi\u015bmie \u015awi\u0119tym i w naszym \u017cyciu<\/li>\n<\/ol>\n<div>Ma\u0142\u017ce\u0144stwa tworz\u0105ce Kr\u0105g:<\/div>\n<ol>\n<li>El\u017cbieta i Witold Krawczyk \u2013 animatorzy<\/li>\n<li>Eugenia i Stanis\u0142aw Dec<\/li>\n<li>Krystyna i Marek Kwieci\u0144scy<\/li>\n<li>Ma\u0142gorzata i Krzysztof Kwieci\u0144scy<\/li>\n<li>Anna i Stanis\u0142aw Murdzia<\/li>\n<li>Danuta i Jan Piotrowscy<\/li>\n<\/ol>\n<\/div>\n","protected":false},"excerpt":{"rendered":"<p>Has\u0142o: \u201eId\u017acie i g\u0142o\u015bcie\u201d Moderator: ks. Pawe\u0142 Pernal. Tematyka miesi\u0119cznych spotka\u0144: Wiara i \u015bwiadectwo \u015awi\u0119to\u015b\u0107 w rodzinie Modlitwa chrze\u015bcijanina Grzech i jego skutki Rado\u015b\u0107 chrze\u015bcijanina Cierpienie Kobieta w Pi\u015bmie \u015awi\u0119tym i rodzinie Eucharystia Maryja w Pi\u015bmie \u015awi\u0119tym i w naszym \u017cyciu Ma\u0142\u017ce\u0144stwa tworz\u0105ce Kr\u0105g: El\u017cbieta i Witold Krawczyk \u2013 animatorzy Eugenia i Stanis\u0142aw Dec Krystyna [&hellip;]<\/p>\n","protected":false},"author":1,"featured_media":463,"comment_status":"closed","ping_status":"open","sticky":false,"template":"","format":"standard","meta":[],"categories":[28],"tags":[],"_links":{"self":[{"href":"https:\/\/lezajsk.przemyska.pl\/index.php?rest_route=\/wp\/v2\/posts\/462"}],"collection":[{"href":"https:\/\/lezajsk.przemyska.pl\/index.php?rest_route=\/wp\/v2\/posts"}],"about":[{"href":"https:\/\/lezajsk.przemyska.pl\/index.php?rest_route=\/wp\/v2\/types\/post"}],"author":[{"embeddable":true,"href":"https:\/\/lezajsk.przemyska.pl\/index.php?rest_route=\/wp\/v2\/users\/1"}],"replies":[{"embeddable":true,"href":"https:\/\/lezajsk.przemyska.pl\/index.php?rest_route=%2Fwp%2Fv2%2Fcomments&post=462"}],"version-history":[{"count":3,"href":"https:\/\/lezajsk.przemyska.pl\/index.php?rest_route=\/wp\/v2\/posts\/462\/revisions"}],"predecessor-version":[{"id":483,"href":"https:\/\/lezajsk.przemyska.pl\/index.php?rest_route=\/wp\/v2\/posts\/462\/revisions\/483"}],"wp:featuredmedia":[{"embeddable":true,"href":"https:\/\/lezajsk.przemyska.pl\/index.php?rest_route=\/wp\/v2\/media\/463"}],"wp:attachment":[{"href":"https:\/\/lezajsk.przemyska.pl\/index.php?rest_route=%2Fwp%2Fv2%2Fmedia&parent=462"}],"wp:term":[{"taxonomy":"category","embeddable":true,"href":"https:\/\/lezajsk.przemyska.pl\/index.php?rest_route=%2Fwp%2Fv2%2Fcategories&post=462"},{"taxonomy":"post_tag","embeddable":true,"href":"https:\/\/lezajsk.przemyska.pl\/index.php?rest_route=%2Fwp%2Fv2%2Ftags&post=462"}],"curies":[{"name":"wp","href":"https:\/\/api.w.org\/{rel}","templated":true}]}}