
{"id":4501,"date":"2017-09-02T17:04:47","date_gmt":"2017-09-02T15:04:47","guid":{"rendered":"http:\/\/lezajsk.przemyska.pl\/?p=4501"},"modified":"2017-09-02T17:07:06","modified_gmt":"2017-09-02T15:07:06","slug":"rozpoczecie-roku-szkolnego-w-naszej-parafii","status":"publish","type":"post","link":"https:\/\/lezajsk.przemyska.pl\/?p=4501","title":{"rendered":"Rozpocz\u0119cie roku szkolnego w naszej parafii&#8230;"},"content":{"rendered":"<p style=\"text-align: center;\"><strong>W imieniu wszystkich katechet\u00f3w, zapraszamy uczni\u00f3w <\/strong><strong>Szko\u0142y Podstawowej Nr 1; Zespo\u0142u Szkolno &#8211; Przedszkolnego Nr 2; Zespo\u0142u Szk\u00f3\u0142 Licealnych, a tak\u017ce Dyrekcje, rodzic\u00f3w, wychowawc\u00f3w, nauczycieli i pracownik\u00f3w na Uroczyste Rozpocz\u0119cie Nowego Roku Szkolnego.<\/strong><\/p>\n<p style=\"text-align: center;\"><strong>Msze \u015awi\u0119te o godzinie 8.00: <\/strong><\/p>\n<p style=\"text-align: center;\"><strong>w Ma\u0142ym Ko\u015bciele dla liceum a\u00a0<\/strong><strong>w ko\u015bciele farnym &#8211; dla szk\u00f3\u0142 podstawowych i klas gimnazjum.\u00a0<\/strong><\/p>\n","protected":false},"excerpt":{"rendered":"<p>W imieniu wszystkich katechet\u00f3w, zapraszamy uczni\u00f3w Szko\u0142y Podstawowej Nr 1; Zespo\u0142u Szkolno &#8211; Przedszkolnego Nr 2; Zespo\u0142u Szk\u00f3\u0142 Licealnych, a tak\u017ce Dyrekcje, rodzic\u00f3w, wychowawc\u00f3w, nauczycieli i pracownik\u00f3w na Uroczyste Rozpocz\u0119cie Nowego Roku Szkolnego. Msze \u015awi\u0119te o godzinie 8.00: w Ma\u0142ym Ko\u015bciele dla liceum a\u00a0w ko\u015bciele farnym &#8211; dla szk\u00f3\u0142 podstawowych i klas gimnazjum.\u00a0<\/p>\n","protected":false},"author":5,"featured_media":4500,"comment_status":"closed","ping_status":"open","sticky":false,"template":"","format":"standard","meta":[],"categories":[4],"tags":[],"_links":{"self":[{"href":"https:\/\/lezajsk.przemyska.pl\/index.php?rest_route=\/wp\/v2\/posts\/4501"}],"collection":[{"href":"https:\/\/lezajsk.przemyska.pl\/index.php?rest_route=\/wp\/v2\/posts"}],"about":[{"href":"https:\/\/lezajsk.przemyska.pl\/index.php?rest_route=\/wp\/v2\/types\/post"}],"author":[{"embeddable":true,"href":"https:\/\/lezajsk.przemyska.pl\/index.php?rest_route=\/wp\/v2\/users\/5"}],"replies":[{"embeddable":true,"href":"https:\/\/lezajsk.przemyska.pl\/index.php?rest_route=%2Fwp%2Fv2%2Fcomments&post=4501"}],"version-history":[{"count":1,"href":"https:\/\/lezajsk.przemyska.pl\/index.php?rest_route=\/wp\/v2\/posts\/4501\/revisions"}],"predecessor-version":[{"id":4502,"href":"https:\/\/lezajsk.przemyska.pl\/index.php?rest_route=\/wp\/v2\/posts\/4501\/revisions\/4502"}],"wp:featuredmedia":[{"embeddable":true,"href":"https:\/\/lezajsk.przemyska.pl\/index.php?rest_route=\/wp\/v2\/media\/4500"}],"wp:attachment":[{"href":"https:\/\/lezajsk.przemyska.pl\/index.php?rest_route=%2Fwp%2Fv2%2Fmedia&parent=4501"}],"wp:term":[{"taxonomy":"category","embeddable":true,"href":"https:\/\/lezajsk.przemyska.pl\/index.php?rest_route=%2Fwp%2Fv2%2Fcategories&post=4501"},{"taxonomy":"post_tag","embeddable":true,"href":"https:\/\/lezajsk.przemyska.pl\/index.php?rest_route=%2Fwp%2Fv2%2Ftags&post=4501"}],"curies":[{"name":"wp","href":"https:\/\/api.w.org\/{rel}","templated":true}]}}