
{"id":435,"date":"2017-02-27T20:25:40","date_gmt":"2017-02-27T19:25:40","guid":{"rendered":"http:\/\/lezajsk.przemyska.pl\/?p=435"},"modified":"2017-03-25T15:41:14","modified_gmt":"2017-03-25T14:41:14","slug":"test","status":"publish","type":"post","link":"https:\/\/lezajsk.przemyska.pl\/?p=435","title":{"rendered":"Rekolekcje parafialne"},"content":{"rendered":"<p><strong>Wszystkich parafian zach\u0119camy do pog\u0142\u0119bionej refleksji nad naszym osobistym prze\u017cywaniem<\/strong> tego wyj\u0105tkowego czasu jakim jest <strong>Wielki Post i zwi\u0105zanego z nim czasu rekolekcji<\/strong>. Daje si\u0119 zauwa\u017cy\u0107, \u017ce przez ostatnie lata, dla wi\u0119kszo\u015bci, rekolekcje staj\u0105 si\u0119 czym\u015b niepotrzebnym, rezygnujemy wi\u0119c z czasu, w kt\u00f3rym rzeczywi\u015bcie mogliby\u015bmy si\u0119 na chwil\u0119 zatrzyma\u0107, wiele spraw przemy\u015ble\u0107 czy na nowo pouk\u0142ada\u0107. Dla wielu Wielki Post to tylko Wielki Tydzie\u0144, mo\u017ce jeszcze odprawiona w ostatniej chwili spowied\u017a i to wszystko. Nie zmarnujmy po raz kolejny tej wyj\u0105tkowej szansy. Tak wi\u0119c ju\u017c dzi\u015b, dobrze zaplanujmy najbli\u017cszy tydzie\u0144 aby skorzysta\u0107 z tego wyj\u0105tkowego czasu \u0142aski.<br \/>\n<!--more--><\/p>\n<div class=\"rekolekcje-program\">\n<h3 style=\"text-align: center;\">REKOLEKCJE \u015aWI\u0118TE<\/h3>\n<p style=\"text-align: center;\">w parafii pw. \u015awi\u0119tej Tr\u00f3jcy w Le\u017cajsku<br \/>\n1-5 marca 2017 r.<\/p>\n<\/div>\n<h4 style=\"text-align: center;\"><strong>PROGRAM<\/strong><\/h4>\n<h5 style=\"text-align: center;\"><strong>1 marca 2017 \u015aroda Popielcowa<\/strong><\/h5>\n<p>&nbsp;<\/p>\n<p>7<sup>00<\/sup> Msza \u015bwi\u0119ta z nauk\u0105 dla WSZYSTKICH<\/p>\n<p>8<sup>30<\/sup> Msza \u015bwi\u0119ta z nauk\u0105 dla WSZYSTKICH<\/p>\n<p>10<sup>00<\/sup> Msza \u015bwi\u0119ta z nauk\u0105 dla WSZYSTKICH<\/p>\n<p>16<sup>00<\/sup> Msza \u015bwi\u0119ta z nauk\u0105 dla WSZYSTKICH<\/p>\n<p>18<sup>00<\/sup> Msza \u015bwi\u0119ta z nauk\u0105 dla WSZYSTKICH<\/p>\n<p>&nbsp;<\/p>\n<h5 style=\"text-align: center;\"><strong>2 marca 2017 Czwartek<\/strong><\/h5>\n<p>&nbsp;<\/p>\n<p>8<sup>00 <\/sup> Msza \u015bwi\u0119ta z nauk\u0105 og\u00f3ln\u0105 dla WSZYSTKICH<\/p>\n<p>18<sup>00<\/sup> Msza \u015bwi\u0119ta z nauk\u0105 og\u00f3ln\u0105 dla WSZYSTKICH<\/p>\n<p>Po Mszy \u015bw. spotkanie dla nauczycieli i wychowawc\u00f3w (w ramach Duszpasterstwa Nauczycieli)<\/p>\n<h5 style=\"text-align: center;\"><strong>3 marca 2017 Pi\u0105tek<\/strong><\/h5>\n<p>&nbsp;<\/p>\n<p>8<sup>00<\/sup> Droga Krzy\u017cowa i Msza \u015bwi\u0119ta z nauk\u0105 dla CHORYCH I STARSZYCH<\/p>\n<p><em>(od godziny 7<sup>30<\/sup> spowied\u017a dla chorych)<\/em><\/p>\n<p>16<sup>00 <\/sup>Droga Krzy\u017cowa dla dzieci <em>(od godziny 15<sup>30<\/sup> spowied\u017a dla dzieci)<\/em><\/p>\n<p>17<sup>30 <\/sup> Droga Krzy\u017cowa <em>(od godziny 17<sup>00<\/sup> spowied\u017a og\u00f3lna)<\/em><\/p>\n<p>18<sup>00 <\/sup>Msza \u015bwi\u0119ta z nauk\u0105 og\u00f3ln\u0105 dla WSZYSTKICH<\/p>\n<p>20<sup>00 <\/sup> Droga Krzy\u017cowa z nauk\u0105 rekolekcyjn\u0105 dla M\u0142odzie\u017cy<\/p>\n<p>&nbsp;<\/p>\n<h5 style=\"text-align: center;\"><strong>4 marca 2017 Sobota<\/strong><\/h5>\n<p>&nbsp;<\/p>\n<p>8<sup>00<\/sup> Msza \u015bwi\u0119ta z nauk\u0105 dla WSZYSTKICH<\/p>\n<p>18<sup>00<\/sup> Msza \u015bwi\u0119ta z nauk\u0105 dla WSZYSTKICH<\/p>\n<p>Po Mszy \u015bw. nauka rekolekcyjna dla MA\u0141\u017bONK\u00d3W i RODZIC\u00d3W<\/p>\n<h5 style=\"text-align: center;\"><strong>5 marca 2017 <\/strong><strong>Niedziela <\/strong><\/h5>\n<p>&nbsp;<\/p>\n<p>7<sup>00<\/sup> Msza \u015bwi\u0119ta z nauk\u0105 dla WSZYSTKICH na zako\u0144czenie rekolekcji<\/p>\n<p>8<sup>30<\/sup> Msza \u015bwi\u0119ta z nauk\u0105 dla WSZYSTKICH na zako\u0144czenie rekolekcji<\/p>\n<p>10<sup>00<\/sup> Msza \u015bwi\u0119ta z nauk\u0105 dla WSZYSTKICH na zako\u0144czenie rekolekcji<\/p>\n<p>11<sup>30<\/sup> Msza \u015bwi\u0119ta z nauk\u0105 dla WSZYSTKICH na zako\u0144czenie rekolekcji<\/p>\n<p>16<sup>00<\/sup> Msza \u015bwi\u0119ta z nauk\u0105 dla WSZYSTKICH na zako\u0144czenie rekolekcji<\/p>\n<p>17<sup>00<\/sup> Gorzkie \u017bale z nauk\u0105 og\u00f3ln\u0105 dla WSZYSTKICH<\/p>\n<p>18<sup>00<\/sup> Msza \u015bwi\u0119ta z nauk\u0105 og\u00f3ln\u0105 dla WSZYSTKICH na zako\u0144czenie rekolekcji<\/p>\n","protected":false},"excerpt":{"rendered":"<p>Wszystkich parafian zach\u0119camy do pog\u0142\u0119bionej refleksji nad naszym osobistym prze\u017cywaniem tego wyj\u0105tkowego czasu jakim jest Wielki Post i zwi\u0105zanego z nim czasu rekolekcji. Daje si\u0119 zauwa\u017cy\u0107, \u017ce przez ostatnie lata, dla wi\u0119kszo\u015bci, rekolekcje staj\u0105 si\u0119 czym\u015b niepotrzebnym, rezygnujemy wi\u0119c z czasu, w kt\u00f3rym rzeczywi\u015bcie mogliby\u015bmy si\u0119 na chwil\u0119 zatrzyma\u0107, wiele spraw przemy\u015ble\u0107 czy na nowo [&hellip;]<\/p>\n","protected":false},"author":1,"featured_media":411,"comment_status":"closed","ping_status":"open","sticky":false,"template":"","format":"standard","meta":[],"categories":[4],"tags":[],"_links":{"self":[{"href":"https:\/\/lezajsk.przemyska.pl\/index.php?rest_route=\/wp\/v2\/posts\/435"}],"collection":[{"href":"https:\/\/lezajsk.przemyska.pl\/index.php?rest_route=\/wp\/v2\/posts"}],"about":[{"href":"https:\/\/lezajsk.przemyska.pl\/index.php?rest_route=\/wp\/v2\/types\/post"}],"author":[{"embeddable":true,"href":"https:\/\/lezajsk.przemyska.pl\/index.php?rest_route=\/wp\/v2\/users\/1"}],"replies":[{"embeddable":true,"href":"https:\/\/lezajsk.przemyska.pl\/index.php?rest_route=%2Fwp%2Fv2%2Fcomments&post=435"}],"version-history":[{"count":2,"href":"https:\/\/lezajsk.przemyska.pl\/index.php?rest_route=\/wp\/v2\/posts\/435\/revisions"}],"predecessor-version":[{"id":437,"href":"https:\/\/lezajsk.przemyska.pl\/index.php?rest_route=\/wp\/v2\/posts\/435\/revisions\/437"}],"wp:featuredmedia":[{"embeddable":true,"href":"https:\/\/lezajsk.przemyska.pl\/index.php?rest_route=\/wp\/v2\/media\/411"}],"wp:attachment":[{"href":"https:\/\/lezajsk.przemyska.pl\/index.php?rest_route=%2Fwp%2Fv2%2Fmedia&parent=435"}],"wp:term":[{"taxonomy":"category","embeddable":true,"href":"https:\/\/lezajsk.przemyska.pl\/index.php?rest_route=%2Fwp%2Fv2%2Fcategories&post=435"},{"taxonomy":"post_tag","embeddable":true,"href":"https:\/\/lezajsk.przemyska.pl\/index.php?rest_route=%2Fwp%2Fv2%2Ftags&post=435"}],"curies":[{"name":"wp","href":"https:\/\/api.w.org\/{rel}","templated":true}]}}