
{"id":4292,"date":"2017-07-13T23:15:28","date_gmt":"2017-07-13T21:15:28","guid":{"rendered":"http:\/\/lezajsk.przemyska.pl\/?p=4292"},"modified":"2017-07-13T23:24:13","modified_gmt":"2017-07-13T21:24:13","slug":"4292","status":"publish","type":"post","link":"https:\/\/lezajsk.przemyska.pl\/?p=4292","title":{"rendered":"ZAPRASZAMY na Pielgrzymk\u0119 do Czernej&#8230;"},"content":{"rendered":"<p style=\"text-align: center;\">Kolejne\u00a0<strong>19 Og\u00f3lnopolskie Spotkanie Rodziny Szkaplerznej<\/strong>\u00a0w sanktuarium Matki Bo\u017cej Szkaplerznej\u00a0\u00a0<strong>w Czernej<\/strong>\u00a0odb\u0119dzie si\u0119 \u00a0<strong>22 lipca 2017 r. Pocz\u0105tek godz. 9.00. Zako\u0144czenie ok. 15.30. Eucharystii o godz. 11.00 przewodniczy\u0107 b\u0119dzie ks. bp Jacek Kici\u0144ski CMF, biskup pomocniczy z Wroc\u0142awia.<\/strong><\/p>\n<p style=\"text-align: center;\"><strong>Serdecznie zapraszamy wszystkich cz\u0142onk\u00f3w \u00a0Bractwa Szkaplerznego, jak i osoby pragn\u0105ce przyj\u0105\u0107 uroczy\u015bcie (lub odnowi\u0107 duchowo) dar szkaplerza Matki Bo\u017cej z G\u00f3ry Karmel.<\/strong><\/p>\n<p style=\"text-align: center;\"><span style=\"color: #ff0000;\"><strong>Wyjazd 22 lipca o godzinie 5.00 z parkingu przy Ko\u015bciele.\u00a0<\/strong><\/span><\/p>\n","protected":false},"excerpt":{"rendered":"<p>Kolejne\u00a019 Og\u00f3lnopolskie Spotkanie Rodziny Szkaplerznej\u00a0w sanktuarium Matki Bo\u017cej Szkaplerznej\u00a0\u00a0w Czernej\u00a0odb\u0119dzie si\u0119 \u00a022 lipca 2017 r. Pocz\u0105tek godz. 9.00. Zako\u0144czenie ok. 15.30. Eucharystii o godz. 11.00 przewodniczy\u0107 b\u0119dzie ks. bp Jacek Kici\u0144ski CMF, biskup pomocniczy z Wroc\u0142awia. Serdecznie zapraszamy wszystkich cz\u0142onk\u00f3w \u00a0Bractwa Szkaplerznego, jak i osoby pragn\u0105ce przyj\u0105\u0107 uroczy\u015bcie (lub odnowi\u0107 duchowo) dar szkaplerza Matki Bo\u017cej [&hellip;]<\/p>\n","protected":false},"author":5,"featured_media":4312,"comment_status":"closed","ping_status":"open","sticky":false,"template":"","format":"standard","meta":[],"categories":[4],"tags":[],"_links":{"self":[{"href":"https:\/\/lezajsk.przemyska.pl\/index.php?rest_route=\/wp\/v2\/posts\/4292"}],"collection":[{"href":"https:\/\/lezajsk.przemyska.pl\/index.php?rest_route=\/wp\/v2\/posts"}],"about":[{"href":"https:\/\/lezajsk.przemyska.pl\/index.php?rest_route=\/wp\/v2\/types\/post"}],"author":[{"embeddable":true,"href":"https:\/\/lezajsk.przemyska.pl\/index.php?rest_route=\/wp\/v2\/users\/5"}],"replies":[{"embeddable":true,"href":"https:\/\/lezajsk.przemyska.pl\/index.php?rest_route=%2Fwp%2Fv2%2Fcomments&post=4292"}],"version-history":[{"count":5,"href":"https:\/\/lezajsk.przemyska.pl\/index.php?rest_route=\/wp\/v2\/posts\/4292\/revisions"}],"predecessor-version":[{"id":4319,"href":"https:\/\/lezajsk.przemyska.pl\/index.php?rest_route=\/wp\/v2\/posts\/4292\/revisions\/4319"}],"wp:featuredmedia":[{"embeddable":true,"href":"https:\/\/lezajsk.przemyska.pl\/index.php?rest_route=\/wp\/v2\/media\/4312"}],"wp:attachment":[{"href":"https:\/\/lezajsk.przemyska.pl\/index.php?rest_route=%2Fwp%2Fv2%2Fmedia&parent=4292"}],"wp:term":[{"taxonomy":"category","embeddable":true,"href":"https:\/\/lezajsk.przemyska.pl\/index.php?rest_route=%2Fwp%2Fv2%2Fcategories&post=4292"},{"taxonomy":"post_tag","embeddable":true,"href":"https:\/\/lezajsk.przemyska.pl\/index.php?rest_route=%2Fwp%2Fv2%2Ftags&post=4292"}],"curies":[{"name":"wp","href":"https:\/\/api.w.org\/{rel}","templated":true}]}}