
{"id":4282,"date":"2017-07-05T12:27:13","date_gmt":"2017-07-05T10:27:13","guid":{"rendered":"http:\/\/lezajsk.przemyska.pl\/?p=4282"},"modified":"2017-07-05T16:01:42","modified_gmt":"2017-07-05T14:01:42","slug":"piesza-pielgrzymka-na-jasna-gore-czyli-142-patnikow-idacych-do-matki","status":"publish","type":"post","link":"https:\/\/lezajsk.przemyska.pl\/?p=4282","title":{"rendered":"Piesza pielgrzymka na Jasn\u0105 G\u00f3r\u0119, czyli 142 p\u0105tnik\u00f3w id\u0105cych do Matki&#8230;"},"content":{"rendered":"<p>Ponad stu czterdziestu pielgrzym\u00f3w wyruszy\u0142o dzisiaj z naszej parafii na piesz\u0105 pielgrzymk\u0119 do Cz\u0119stochowy. Przed nimi jedena\u015bcie\u00a0dni w\u0119dr\u00f3wki i ponad trzysta kilometr\u00f3w do pokonania.<\/p>\n<p>To ju\u017c XXXVII Przemyska Piesza Pielgrzymka na Jasn\u0105 G\u00f3r\u0119. W tym roku odbywa si\u0119 ona pod has\u0142em &#8222;Id\u017acie i g\u0142o\u015bcie Ewangeli\u0119&#8221;.<br \/>\nLe\u017cajska\u00a0grupa &#8222;B\u0142. Marii&#8221; w\u0119dr\u00f3wk\u0119 rozpocz\u0119\u0142a od Mszy \u015awi\u0119tej odprawionej w ko\u015bciele farnym. Przewodniczy\u0142 jej \u00a0bp Stanis\u0142aw Jamrozek. W koncelebrze by\u0142o \u00a0te\u017c kilku kap\u0142an\u00f3w, kt\u00f3rzy w\u0119druj\u0105 od lat w le\u017cajskiej grupie pielgrzymkowej. W tym roku pielgrzymuje r\u00f3wnie\u017c dw\u00f3ch diakon\u00f3w, kleryk i siostry zakonne.\u00a0<i>&#8211; Na tras\u0119 wyruszy\u0142o ponad 140\u00a0pielgrzym\u00f3w<\/i>&#8211; informuje ks. Grzegorz Socha, przewodnik grupy.<br \/>\nPrzemyska Pielgrzymka jest podzielona na kilka grup. Pierwsza wysz\u0142a na p\u0105tniczy szlak 4 lipca z Przemy\u015bla.\u00a0Przed jasnog\u00f3rski obraz pielgrzymi dotr\u0105 w 15 lipca.<\/p>\n","protected":false},"excerpt":{"rendered":"<p>Ponad stu czterdziestu pielgrzym\u00f3w wyruszy\u0142o dzisiaj z naszej parafii na piesz\u0105 pielgrzymk\u0119 do Cz\u0119stochowy. Przed nimi jedena\u015bcie\u00a0dni w\u0119dr\u00f3wki i ponad trzysta kilometr\u00f3w do pokonania. To ju\u017c XXXVII Przemyska Piesza Pielgrzymka na Jasn\u0105 G\u00f3r\u0119. W tym roku odbywa si\u0119 ona pod has\u0142em &#8222;Id\u017acie i g\u0142o\u015bcie Ewangeli\u0119&#8221;. Le\u017cajska\u00a0grupa &#8222;B\u0142. Marii&#8221; w\u0119dr\u00f3wk\u0119 rozpocz\u0119\u0142a od Mszy \u015awi\u0119tej odprawionej w [&hellip;]<\/p>\n","protected":false},"author":5,"featured_media":4192,"comment_status":"closed","ping_status":"open","sticky":false,"template":"","format":"standard","meta":[],"categories":[4],"tags":[],"_links":{"self":[{"href":"https:\/\/lezajsk.przemyska.pl\/index.php?rest_route=\/wp\/v2\/posts\/4282"}],"collection":[{"href":"https:\/\/lezajsk.przemyska.pl\/index.php?rest_route=\/wp\/v2\/posts"}],"about":[{"href":"https:\/\/lezajsk.przemyska.pl\/index.php?rest_route=\/wp\/v2\/types\/post"}],"author":[{"embeddable":true,"href":"https:\/\/lezajsk.przemyska.pl\/index.php?rest_route=\/wp\/v2\/users\/5"}],"replies":[{"embeddable":true,"href":"https:\/\/lezajsk.przemyska.pl\/index.php?rest_route=%2Fwp%2Fv2%2Fcomments&post=4282"}],"version-history":[{"count":2,"href":"https:\/\/lezajsk.przemyska.pl\/index.php?rest_route=\/wp\/v2\/posts\/4282\/revisions"}],"predecessor-version":[{"id":4284,"href":"https:\/\/lezajsk.przemyska.pl\/index.php?rest_route=\/wp\/v2\/posts\/4282\/revisions\/4284"}],"wp:featuredmedia":[{"embeddable":true,"href":"https:\/\/lezajsk.przemyska.pl\/index.php?rest_route=\/wp\/v2\/media\/4192"}],"wp:attachment":[{"href":"https:\/\/lezajsk.przemyska.pl\/index.php?rest_route=%2Fwp%2Fv2%2Fmedia&parent=4282"}],"wp:term":[{"taxonomy":"category","embeddable":true,"href":"https:\/\/lezajsk.przemyska.pl\/index.php?rest_route=%2Fwp%2Fv2%2Fcategories&post=4282"},{"taxonomy":"post_tag","embeddable":true,"href":"https:\/\/lezajsk.przemyska.pl\/index.php?rest_route=%2Fwp%2Fv2%2Ftags&post=4282"}],"curies":[{"name":"wp","href":"https:\/\/api.w.org\/{rel}","templated":true}]}}