
{"id":4035,"date":"2017-07-01T21:39:20","date_gmt":"2017-07-01T19:39:20","guid":{"rendered":"http:\/\/lezajsk.przemyska.pl\/?p=4035"},"modified":"2017-07-01T21:39:20","modified_gmt":"2017-07-01T19:39:20","slug":"xiii-niedziela-zwykla-02-07-2017-r","status":"publish","type":"post","link":"https:\/\/lezajsk.przemyska.pl\/?p=4035","title":{"rendered":"XIII Niedziela zwyk\u0142a (02.07.2017 r.)"},"content":{"rendered":"<ol>\n<li>Dzi\u015b z racji <strong>I niedzieli miesi\u0105ca<\/strong> zapraszamy jeszcze na nabo\u017ce\u0144stwo eucharystyczne z\u00a0modlitw\u0105 r\u00f3\u017ca\u0144cow\u0105<strong> o godz. 17.30<\/strong> a po nim Msza \u015bw. wieczorna.<\/li>\n<li>Jutro <strong>\u015bwi\u0119to \u015bw. Tomasza Aposto\u0142a<\/strong>.<\/li>\n<li>We wtorek z Przemy\u015bla a w \u015brod\u0119 z Le\u017cajska wyrusza <strong>37 Piesza Pielgrzymka na Jasna G\u00f3r\u0119.<\/strong> Msza \u015bw. na wyj\u015bcie naszej grupy zostanie odprawiona <strong>o godz. 7.00 i\u00a0b\u0119dzie jej przewodniczy\u0142 ks. bp Stanis\u0142aw Jamrozek<\/strong>. Zapraszamy wszystkich do wsp\u00f3lnej modlitwy. Pami\u0119tajmy tak\u017ce o\u00a0duchowym wspieraniu pielgrzym\u00f3w.<\/li>\n<li>W tym tygodniu przypada<strong> I czwartek i I pi\u0105tek miesi\u0105ca<\/strong>. Adoracja Naj\u015bwi\u0119tszego Sakramentu po Mszy \u015bw. w czwartek i pi\u0105tek do godz. 20.00. Spowied\u017a w\u00a0pi\u0105tek od godz. 17.00.<\/li>\n<li><strong>Odwiedziny chorych w domach <\/strong>w pi\u0105tek od godz. 9.00 z jednym wyj\u0105tkiem; <strong> Dariusz odwiedzi swoich chorych we wtorek, tak\u017ce od godz. 9.00<\/strong>. Prosimy rodziny czy s\u0105siad\u00f3w o przekazanie tej informacji zainteresowanym chorym.<\/li>\n<li>Tak\u017ce w pi\u0105tek, pocz\u0105tek <strong>nowenny przed \u015bwi\u0119tem Matki Bo\u017cej Szkaplerznej<\/strong>. Od godz. 17.00 b\u0119d\u0105 \u015bpiewane Godzinki do MB Szkaplerznej a o godz. 17.30 wystawienie Naj\u015bwi\u0119tszego Sakramentu i Nowenna.<\/li>\n<li>W sobot\u0119 <strong>wspomnienie \u015bw. Jana z Dukli<\/strong> \u2013 patrona naszej Archidiecezji.<\/li>\n<li>W pi\u0105tek 30 czerwca, <strong>dobieg\u0142a ko\u0144ca 5-letnia kadencja cz\u0142onk\u00f3w Parafialnej Rady Duszpasterskiej<\/strong>, kt\u00f3rej sk\u0142adamy serdeczne podzi\u0119kowanie za zaanga\u017cowanie i\u00a0owocn\u0105 wsp\u00f3\u0142prac\u0119 dla dobra naszej parafii. Na pi\u0105tkowym spotkaniu zostali oni poproszeni o podj\u0119cie kolejnej kadencji o ile takie rozwi\u0105zanie zyska og\u00f3ln\u0105 akceptacje parafian. W zwi\u0105zku z powy\u017cszym, <strong>do ko\u0144ca lipca<\/strong> mo\u017cna zg\u0142asza\u0107 merytoryczne uwagi co do sk\u0142adu Rady i wskaza\u0107 ewentualnie nowych kandydat\u00f3w. Nowa Rada Parafialna zostanie zaprzysi\u0119\u017cona po wakacjach.<\/li>\n<li>Dzisiejsza taca mszalna jest przeznaczona na potrzeby <strong>Seminarium Duchownego w\u00a0Przemy\u015blu<\/strong> za\u015b za tydzie\u0144, <strong>w II niedziel\u0119 miesi\u0105ca taca b\u0119dzie przeznaczona na trwaj\u0105ce prace remontowe przy naszej parafii<\/strong>. W czasie ostatniej zbi\u00f3rki ofiar z\u00a0przeznaczeniem na ten cel, zebrano \u0142\u0105cznie z\u00a0wp\u0142atami na konto, kwot\u0119 <strong>15 235 z\u0142<\/strong>. Tym samym, na naszym koncie inwestycyjnym mamy kwot\u0119 <strong>282 ty\u015b. z\u0142.<\/strong> Wszystkim darczy\u0144com za \u017cyczliwo\u015b\u0107 i\u00a0zrozumienie sk\u0142adamy serdeczne B\u00f3g zap\u0142a\u0107.<\/li>\n<li><strong>W Siewcy<\/strong> do nabycia prasa i publikacje katolickie a przed ko\u015bcio\u0142em mo\u017cna jeszcze odebra\u0107 najnowszy numer naszej parafialnej <strong>gazetki Siewca<\/strong>.<\/li>\n<li>Tak\u017ce przed ko\u015bcio\u0142em, m\u0142odzie\u017c z naszego Liceum, kwestuje dzi\u015b z intencj\u0105 pomocy m\u0142odemu muzykowi <strong>Micha\u0142owi Grzywnie z Try\u0144czy, <\/strong>kt\u00f3ry potrzebuje ci\u0105g\u0142ej i\u00a0kosztownej rehabilitacji. Za ka\u017cd\u0105 ofiarowan\u0105 z\u0142ot\u00f3wk\u0119 w Jego imieniu serdecznie dzi\u0119kujemy.<\/li>\n<\/ol>\n<p><u><\/u><strong><u>Intencje zbiorowe: <\/u><\/strong><\/p>\n<ul>\n<li>Za \u015bp. Mari\u0119 Pawul \u2013 intencja od s\u0105siad\u00f3w z klatki \u2013 poniedzia\u0142ek, godz. 18.00.<\/li>\n<li>W intencji nowennowych pr\u00f3\u015bb i podzi\u0119kowa\u0144 do MB Pocieszenia \u2013 \u015broda, godz. 18.00.<\/li>\n<li>Z intencji Stra\u017cy Honorowej NSPJ \u2013 pi\u0105tek, godz. 18.00.<\/li>\n<li>Z R\u00f3\u017cy \u015bw. Jana z Dukli \u2013 sobota, godz. 18.00.<\/li>\n<\/ul>\n<p>W ostatnim tygodniu odszed\u0142 od nas do wieczno\u015bci <strong>\u015bp. Mieczys\u0142aw Majcherczyk <\/strong>z ul. Ogrodowej \u2013 wieczny odpoczynek\u2026<\/p>\n","protected":false},"excerpt":{"rendered":"<p>Dzi\u015b z racji I niedzieli miesi\u0105ca zapraszamy jeszcze na nabo\u017ce\u0144stwo eucharystyczne z\u00a0modlitw\u0105 r\u00f3\u017ca\u0144cow\u0105 o godz. 17.30 a po nim Msza \u015bw. wieczorna. Jutro \u015bwi\u0119to \u015bw. Tomasza Aposto\u0142a. We wtorek z Przemy\u015bla a w \u015brod\u0119 z Le\u017cajska wyrusza 37 Piesza Pielgrzymka na Jasna G\u00f3r\u0119. Msza \u015bw. na wyj\u015bcie naszej grupy zostanie odprawiona o godz. 7.00 i\u00a0b\u0119dzie [&hellip;]<\/p>\n","protected":false},"author":4,"featured_media":0,"comment_status":"closed","ping_status":"open","sticky":false,"template":"","format":"standard","meta":[],"categories":[5],"tags":[],"_links":{"self":[{"href":"https:\/\/lezajsk.przemyska.pl\/index.php?rest_route=\/wp\/v2\/posts\/4035"}],"collection":[{"href":"https:\/\/lezajsk.przemyska.pl\/index.php?rest_route=\/wp\/v2\/posts"}],"about":[{"href":"https:\/\/lezajsk.przemyska.pl\/index.php?rest_route=\/wp\/v2\/types\/post"}],"author":[{"embeddable":true,"href":"https:\/\/lezajsk.przemyska.pl\/index.php?rest_route=\/wp\/v2\/users\/4"}],"replies":[{"embeddable":true,"href":"https:\/\/lezajsk.przemyska.pl\/index.php?rest_route=%2Fwp%2Fv2%2Fcomments&post=4035"}],"version-history":[{"count":1,"href":"https:\/\/lezajsk.przemyska.pl\/index.php?rest_route=\/wp\/v2\/posts\/4035\/revisions"}],"predecessor-version":[{"id":4036,"href":"https:\/\/lezajsk.przemyska.pl\/index.php?rest_route=\/wp\/v2\/posts\/4035\/revisions\/4036"}],"wp:attachment":[{"href":"https:\/\/lezajsk.przemyska.pl\/index.php?rest_route=%2Fwp%2Fv2%2Fmedia&parent=4035"}],"wp:term":[{"taxonomy":"category","embeddable":true,"href":"https:\/\/lezajsk.przemyska.pl\/index.php?rest_route=%2Fwp%2Fv2%2Fcategories&post=4035"},{"taxonomy":"post_tag","embeddable":true,"href":"https:\/\/lezajsk.przemyska.pl\/index.php?rest_route=%2Fwp%2Fv2%2Ftags&post=4035"}],"curies":[{"name":"wp","href":"https:\/\/api.w.org\/{rel}","templated":true}]}}