
{"id":4032,"date":"2017-06-24T22:12:27","date_gmt":"2017-06-24T20:12:27","guid":{"rendered":"http:\/\/lezajsk.przemyska.pl\/?p=4032"},"modified":"2017-06-24T22:12:27","modified_gmt":"2017-06-24T20:12:27","slug":"xii-niedziela-zwykla-25-06-2017-r","status":"publish","type":"post","link":"https:\/\/lezajsk.przemyska.pl\/?p=4032","title":{"rendered":"XII Niedziela zwyk\u0142a (25.06.2017 r.)"},"content":{"rendered":"<ol>\n<li>Dzi\u015b wieczorem zapraszamy jeszcze na <strong>nabo\u017ce\u0144stwo do Serca Pana Jezusa<\/strong> o godz. 17.30 a\u00a0po nim Msza \u015bw. wieczorna.<\/li>\n<li>Tak\u017ce dzi\u015b, po Mszy \u015bw. <strong>o godz. 16.00 odb\u0119dzie si\u0119 spotkanie przedpielgrzymkowe le\u017cajskiej grupy b\u0142. Marii<\/strong>. W\u00a0dalszym ci\u0105gu zapraszamy do wsp\u00f3lnego pielgrzymowania na Jasn\u0105 G\u00f3r\u0119 a tych wszystkich, kt\u00f3rzy nie mog\u0105 osobi\u015bcie pielgrzymowa\u0107, zapraszamy do tzw. pielgrzymowania duchowego. Karty duchowego pielgrzymowania s\u0105 wy\u0142o\u017cone na o\u0142tarzach, kt\u00f3re po wype\u0142nieniu prosimy sk\u0142ada\u0107 do specjalnej skrzynki.<\/li>\n<li>Jutro, na Mszy \u015bw. o godz. 18.00, nasi rodacy <strong> Adam Lasek i ks. Waldemar Nieckarz<\/strong>, b\u0119d\u0105 \u015bwi\u0119towali sw\u00f3j <strong>srebrny jubileusz kap\u0142a\u0144stwa<\/strong>. W imieniu Jubilat\u00f3w serdecznie wszystkich zapraszamy do wsp\u00f3lnej modlitwy i dzi\u0119kczynienia Bogu za dar kap\u0142a\u0144stwa.<\/li>\n<li>Od jutra, przez ca\u0142y okres wakacji <strong>nie b\u0119dzie Mszy \u015bwi\u0119tej o godz. 7.30<\/strong>.<\/li>\n<li>W czwartek <strong>Uroczysto\u015b\u0107 \u015awi\u0119tych Aposto\u0142\u00f3w Piotra i Paw\u0142a<\/strong>. Msze \u015bw. w\u00a0ko\u015bciele farnym rano <strong>o godz. 6.30, 7.00, 8.30, 10.00 i wieczorem o godz. 18.00<\/strong>. Jest to zarazem dzie\u0144 imienin naszego wikariusza<strong> Piotra Zawadzkiego. <\/strong>Z\u00a0tej okazji pami\u0119tajmy o\u00a0nim w\u00a0naszych modlitwach.<\/li>\n<li>Taca mszalna z uroczysto\u015bci \u015bw. Aposto\u0142\u00f3w Piotra i Paw\u0142a jest przeznaczona <strong>na potrzeby Stolicy Apostolskiej czyli tzw. \u015awi\u0119topietrze<\/strong>.<\/li>\n<li>W pi\u0105tek po Mszy \u015bw. wieczornej zapraszam na spotkanie ca\u0142\u0105 <strong>Rad\u0119 Duszpastersk\u0105<\/strong>. Bardzo wszystkich prosimy, w miar\u0119 mo\u017cliwo\u015bci o niezawodne przybycie.<\/li>\n<li>W sobot\u0119 na godz. 17.00 zapraszamy na kolejne <strong>nabo\u017ce\u0144stwo I soboty<\/strong>, wynagradzaj\u0105ce Niepokalanemu Sercu NMP, po\u0142\u0105czone z modlitw\u0105 r\u00f3\u017ca\u0144cow\u0105.<\/li>\n<li>Za tydzie\u0144, przed ko\u015bcio\u0142em, m\u0142odzie\u017c z naszego Liceum b\u0119dzie kwestowa\u0107 z intencj\u0105 pomocy m\u0142odemu muzykowi <strong>Micha\u0142owi Grzywnie z Try\u0144czy<\/strong>. Ju\u017c kiedy\u015b w Le\u017cajsku by\u0142a i kwesta i koncert charytatywny z przeznaczeniem na Jego leczenie ale choroba nie daje jednak za wygran\u0105 i nadal potrzebuje kosztownej rehabilitacji. Ka\u017cda ofiarowana z\u0142ot\u00f3wka b\u0119dzie wielka pomoc\u0105. Wi\u0119cej szczeg\u00f3\u0142\u00f3w na tablicy og\u0142osze\u0144.<\/li>\n<li><strong>W Siewcy<\/strong> do nabycia prasa i publikacje katolickie a przed ko\u015bcio\u0142em z r\u0105k ministrant\u00f3w mo\u017cna odebra\u0107 najnowszy numer naszej <strong>parafialnej gazetki Siewca.<\/strong><\/li>\n<\/ol>\n<p><strong><u>Intencje zbiorowe: <\/u><\/strong><\/p>\n<ul>\n<li>W intencji ks. W\u0142adys\u0142awa G\u0142owy z okazji imienin \u2013 wtorek, godz. 18.00.<\/li>\n<li>Z intencji Bractwa Szkaplerza \u015awi\u0119tego \u2013 wtorek i pi\u0105tek, godz. 18.00.<\/li>\n<li>W intencji nowennowych pr\u00f3\u015bb i podzi\u0119kowa\u0144 do MB Pocieszenia \u2013 \u015broda, godz. 18.00.<\/li>\n<li>Msza \u015bw. imieninowa w intencji ks. Piotra Zawadzkiego i ks. Piotra Baraniewicza od Wsp\u00f3lnoty Szkaplerza \u015awi\u0119tego i Oazy Dzieci Bo\u017cych \u2013 czwartek, godz. 18.00.<\/li>\n<li>Z R\u00f3\u017cy MB Pocieszenia \u2013 niedziela, godz. 8.30.<\/li>\n<li>Z R\u00f3\u017cy \u015aw. Barbary \u2013 niedziela, godz. 10.00.<\/li>\n<li>Z R\u00f3\u017cy \u015aw. Kazimierza \u2013 niedziela, godz. 10.00 (poza parafi\u0105).<\/li>\n<li>Msze \u015bw. gregoria\u0144skie za \u015bp. Stanis\u0142awa Koz\u0142owicza \u2013 pocz\u0105tek, sobota, godz. 18.00 (b\u0119d\u0105 odprawiane poza parafi\u0105)<\/li>\n<\/ul>\n<p>W ostatnim tygodniu odszed\u0142 od nas do wieczno\u015bci <strong>\u015bp. Tomasz Wnuk <\/strong>z ul. Braci \u015aniadeckich \u2013 wieczny odpoczynek\u2026<\/p>\n","protected":false},"excerpt":{"rendered":"<p>Dzi\u015b wieczorem zapraszamy jeszcze na nabo\u017ce\u0144stwo do Serca Pana Jezusa o godz. 17.30 a\u00a0po nim Msza \u015bw. wieczorna. Tak\u017ce dzi\u015b, po Mszy \u015bw. o godz. 16.00 odb\u0119dzie si\u0119 spotkanie przedpielgrzymkowe le\u017cajskiej grupy b\u0142. Marii. W\u00a0dalszym ci\u0105gu zapraszamy do wsp\u00f3lnego pielgrzymowania na Jasn\u0105 G\u00f3r\u0119 a tych wszystkich, kt\u00f3rzy nie mog\u0105 osobi\u015bcie pielgrzymowa\u0107, zapraszamy do tzw. pielgrzymowania [&hellip;]<\/p>\n","protected":false},"author":4,"featured_media":0,"comment_status":"closed","ping_status":"open","sticky":false,"template":"","format":"standard","meta":[],"categories":[5],"tags":[],"_links":{"self":[{"href":"https:\/\/lezajsk.przemyska.pl\/index.php?rest_route=\/wp\/v2\/posts\/4032"}],"collection":[{"href":"https:\/\/lezajsk.przemyska.pl\/index.php?rest_route=\/wp\/v2\/posts"}],"about":[{"href":"https:\/\/lezajsk.przemyska.pl\/index.php?rest_route=\/wp\/v2\/types\/post"}],"author":[{"embeddable":true,"href":"https:\/\/lezajsk.przemyska.pl\/index.php?rest_route=\/wp\/v2\/users\/4"}],"replies":[{"embeddable":true,"href":"https:\/\/lezajsk.przemyska.pl\/index.php?rest_route=%2Fwp%2Fv2%2Fcomments&post=4032"}],"version-history":[{"count":1,"href":"https:\/\/lezajsk.przemyska.pl\/index.php?rest_route=\/wp\/v2\/posts\/4032\/revisions"}],"predecessor-version":[{"id":4033,"href":"https:\/\/lezajsk.przemyska.pl\/index.php?rest_route=\/wp\/v2\/posts\/4032\/revisions\/4033"}],"wp:attachment":[{"href":"https:\/\/lezajsk.przemyska.pl\/index.php?rest_route=%2Fwp%2Fv2%2Fmedia&parent=4032"}],"wp:term":[{"taxonomy":"category","embeddable":true,"href":"https:\/\/lezajsk.przemyska.pl\/index.php?rest_route=%2Fwp%2Fv2%2Fcategories&post=4032"},{"taxonomy":"post_tag","embeddable":true,"href":"https:\/\/lezajsk.przemyska.pl\/index.php?rest_route=%2Fwp%2Fv2%2Ftags&post=4032"}],"curies":[{"name":"wp","href":"https:\/\/api.w.org\/{rel}","templated":true}]}}