
{"id":4029,"date":"2017-06-22T21:22:51","date_gmt":"2017-06-22T19:22:51","guid":{"rendered":"http:\/\/lezajsk.przemyska.pl\/?p=4029"},"modified":"2017-06-22T21:22:51","modified_gmt":"2017-06-22T19:22:51","slug":"zakonczenie-oktawy-bozego-ciala-pokazuje-ze-w-naszej-parafii-sa-obecne-dzieci","status":"publish","type":"post","link":"https:\/\/lezajsk.przemyska.pl\/?p=4029","title":{"rendered":"Zako\u0144czenie Oktawy Bo\u017cego Cia\u0142a pokazuje, \u017ce w naszej parafii S\u0104 OBECNE DZIECI\u2026"},"content":{"rendered":"<p style=\"text-align: center;\">Dzisiaj odby\u0142a si\u0119 ostatnia Msza \u015awi\u0119ta z procesj\u0105 Eucharystyczn\u0105 w oktawie Bo\u017cego Cia\u0142a \u2013 uczestniczyli w niej bardzo licznie wierni z ca\u0142ej wsp\u00f3lnoty parafialnej.\u00a0W\u00a0tym dniu szczeg\u00f3lnie wa\u017cne by\u0142y dzieci, kt\u00f3re licznie przyby\u0142y wraz z\u00a0rodzicami i uczestniczy\u0142y w procesji. Po procesji nast\u0105pi\u0142o po\u015bwi\u0119cenie wiank\u00f3w uplecionych z\u00a0m\u0142odych zi\u00f3\u0142 leczniczych i \u015bwie\u017cych kwiat\u00f3w, maj\u0105 one strzec dom\u00f3w od nieszcz\u0119\u015b\u0107 i kataklizm\u00f3w, a dzieci otrzyma\u0142y b\u0142ogos\u0142awie\u0144stwo. Po zako\u0144czonym nabo\u017ce\u0144stwie w nagrod\u0119 za obecno\u015b\u0107 i pos\u0142ug\u0119 w czasie wszystkich procesji dzieci otrzyma\u0142y spor\u0105 porcj\u0119 cukierk\u00f3w a\u00a0tak\u017ce obrazki\u00a0z B\u0142. Edmundem BOJANOWSKIM.<\/p>\n","protected":false},"excerpt":{"rendered":"<p>Dzisiaj odby\u0142a si\u0119 ostatnia Msza \u015awi\u0119ta z procesj\u0105 Eucharystyczn\u0105 w oktawie Bo\u017cego Cia\u0142a \u2013 uczestniczyli w niej bardzo licznie wierni z ca\u0142ej wsp\u00f3lnoty parafialnej.\u00a0W\u00a0tym dniu szczeg\u00f3lnie wa\u017cne by\u0142y dzieci, kt\u00f3re licznie przyby\u0142y wraz z\u00a0rodzicami i uczestniczy\u0142y w procesji. Po procesji nast\u0105pi\u0142o po\u015bwi\u0119cenie wiank\u00f3w uplecionych z\u00a0m\u0142odych zi\u00f3\u0142 leczniczych i \u015bwie\u017cych kwiat\u00f3w, maj\u0105 one strzec dom\u00f3w od [&hellip;]<\/p>\n","protected":false},"author":5,"featured_media":3969,"comment_status":"closed","ping_status":"open","sticky":false,"template":"","format":"standard","meta":[],"categories":[4],"tags":[],"_links":{"self":[{"href":"https:\/\/lezajsk.przemyska.pl\/index.php?rest_route=\/wp\/v2\/posts\/4029"}],"collection":[{"href":"https:\/\/lezajsk.przemyska.pl\/index.php?rest_route=\/wp\/v2\/posts"}],"about":[{"href":"https:\/\/lezajsk.przemyska.pl\/index.php?rest_route=\/wp\/v2\/types\/post"}],"author":[{"embeddable":true,"href":"https:\/\/lezajsk.przemyska.pl\/index.php?rest_route=\/wp\/v2\/users\/5"}],"replies":[{"embeddable":true,"href":"https:\/\/lezajsk.przemyska.pl\/index.php?rest_route=%2Fwp%2Fv2%2Fcomments&post=4029"}],"version-history":[{"count":1,"href":"https:\/\/lezajsk.przemyska.pl\/index.php?rest_route=\/wp\/v2\/posts\/4029\/revisions"}],"predecessor-version":[{"id":4030,"href":"https:\/\/lezajsk.przemyska.pl\/index.php?rest_route=\/wp\/v2\/posts\/4029\/revisions\/4030"}],"wp:featuredmedia":[{"embeddable":true,"href":"https:\/\/lezajsk.przemyska.pl\/index.php?rest_route=\/wp\/v2\/media\/3969"}],"wp:attachment":[{"href":"https:\/\/lezajsk.przemyska.pl\/index.php?rest_route=%2Fwp%2Fv2%2Fmedia&parent=4029"}],"wp:term":[{"taxonomy":"category","embeddable":true,"href":"https:\/\/lezajsk.przemyska.pl\/index.php?rest_route=%2Fwp%2Fv2%2Fcategories&post=4029"},{"taxonomy":"post_tag","embeddable":true,"href":"https:\/\/lezajsk.przemyska.pl\/index.php?rest_route=%2Fwp%2Fv2%2Ftags&post=4029"}],"curies":[{"name":"wp","href":"https:\/\/api.w.org\/{rel}","templated":true}]}}