
{"id":396,"date":"2017-02-26T07:50:26","date_gmt":"2017-02-26T06:50:26","guid":{"rendered":"http:\/\/lezajsk.przemyska.pl\/?p=396"},"modified":"2017-03-23T20:08:19","modified_gmt":"2017-03-23T19:08:19","slug":"viii-niedziela-zwykla-26-02-2017-r","status":"publish","type":"post","link":"https:\/\/lezajsk.przemyska.pl\/?p=396","title":{"rendered":"VIII Niedziela zwyk\u0142a (26.02.2017 r.)"},"content":{"rendered":"<ol>\n<li>Dzi\u015b zapraszamy jeszcze na <strong>nabo\u017ce\u0144stwo eucharystyczne z koronk\u0105 do Bo\u017cego Mi\u0142osierdzia <\/strong>o godz. 17.30.<\/li>\n<li>Dzi\u015b rozpoczyna si\u0119 tak\u017ce <strong>Tydzie\u0144 Trze\u017awo\u015bci<\/strong> a od \u015arody Popielcowej do I Niedzieli Wielkiego Postu wypadaj\u0105 kwartalne <strong>Dni Modlitw o ducha pokuty<\/strong>. Zach\u0119camy do dobrych i jak\u017ce potrzebnych abstynenckich postanowie\u0144, zw\u0142aszcza na czas Wielkiego Postu.<\/li>\n<li>W tym tygodniu 1 marca, przypada <strong>\u015aroda Popielcowa<\/strong> a wraz z ni\u0105 rozpoczynamy <strong>40 \u2013 dniowy okres Wielkiego Postu<\/strong>, w kt\u00f3rym poprzez modlitw\u0119, pokut\u0119 i czynn\u0105 mi\u0142o\u015b\u0107 bli\u017aniego b\u0119dziemy przygotowywa\u0107 si\u0119 do \u015awi\u0105t Wielkanocnych.<\/li>\n<li><strong>W \u015arod\u0119 Popielcow\u0105 Msze \u015bw.<\/strong> po\u0142\u0105czone z obrz\u0119dem posypania g\u0142\u00f3w popio\u0142em b\u0119d\u0105 odprawione rano o godz. <strong>30, 7.00, 8.30 i 10.00 a popo\u0142udniu o godz. 16.00 i 18.00. <\/strong>W\u00a0\u015arod\u0119 Popielcow\u0105 rozpoczniemy tak\u017ce nasze <strong>doroczne rekolekcje wielkopostne<\/strong>, kt\u00f3re pomog\u0105 nam dobrze prze\u017cy\u0107 czas Wielkiego Postu i przygotowa\u0107 si\u0119 do \u015awi\u0105t Wielkanocnych. Rekolekcje b\u0119dzie nam g\u0142osi\u0142 <strong>ks. dr Albert Warso<\/strong>, kap\u0142an Diecezji Radomskiej, pracuj\u0105cy obecnie w Watyka\u0144skiej Kongregacji Nauki Wiary. Szczeg\u00f3\u0142owy program rekolekcji jest wywieszony w gablocie, na stronie internetowej oraz jest wydrukowany w\u00a0najnowszym numerze Siewcy.<\/li>\n<li>W zwi\u0105zku z rekolekcjami,<strong> we czwartek, pi\u0105tek i sobot\u0119 nie b\u0119dzie Mszy \u015bw. o godz. 7.30 a w zamian b\u0119dzie Msza \u015bw. z nauk\u0105 rekolekcyjna o godz. 8.00<\/strong>. Dlatego te\u017c intencje mszalne przyj\u0119te na te dni na godz. 7.30, b\u0119d\u0105 odprawione o godz. 8.00.<\/li>\n<li>W \u015arod\u0119 Popielcow\u0105 obowi\u0105zuje <strong>post \u015bcis\u0142y<\/strong> jako\u015bciowy i ilo\u015bciowy.<\/li>\n<li>W tym tygodniu przypada<strong> I czwartek, pi\u0105tek i I sobota miesi\u0105ca<\/strong> Spowied\u017a w pi\u0105tek rano i popo\u0142udniu wg programu rekolekcji.<\/li>\n<li><strong>W pi\u0105tek o godz. 8.00<\/strong> w ramach rekolekcji parafialnych <strong>specjalna droga krzy\u017cowa i\u00a0Msza \u015bw. w intencji chorych<\/strong>. Prosimy rodziny os\u00f3b starszych i chorych lub s\u0105siad\u00f3w aby umo\u017cliwi\u0107 im w miar\u0119 mo\u017cliwo\u015bci uczestnictwo w tym nabo\u017ce\u0144stwie. Po tym nabo\u017ce\u0144stwie odwiedziny chorych w domach z Komuni\u0105 \u015bw.<\/li>\n<li><strong>Wszystkich parafian zach\u0119camy do pog\u0142\u0119bionej refleksji nad naszym osobistym prze\u017cywaniem<\/strong> tego wyj\u0105tkowego czasu jakim jest <strong>Wielki Post i zwi\u0105zanego z nim czasu rekolekcji<\/strong>. Daje si\u0119 zauwa\u017cy\u0107, \u017ce przez ostatnie lata, dla wi\u0119kszo\u015bci, rekolekcje staj\u0105 si\u0119 czym\u015b niepotrzebnym, rezygnujemy wi\u0119c z czasu, w kt\u00f3rym rzeczywi\u015bcie mogliby\u015bmy si\u0119 na chwil\u0119 zatrzyma\u0107, wiele spraw przemy\u015ble\u0107 czy na nowo pouk\u0142ada\u0107. Dla wielu Wielki Post to tylko Wielki Tydzie\u0144, mo\u017ce jeszcze odprawiona w ostatniej chwili spowied\u017a i to wszystko. Nie zmarnujmy po raz kolejny tej wyj\u0105tkowej szansy. Tak wi\u0119c ju\u017c dzi\u015b, dobrze zaplanujmy najbli\u017cszy tydzie\u0144 aby skorzysta\u0107 z tego wyj\u0105tkowego czasu \u0142aski.<\/li>\n<li>W sobot\u0119 przypada w liturgii <strong>\u015bwi\u0119to \u015bw. Kazimierza Kr\u00f3lewicza.<\/strong><\/li>\n<li>Nabo\u017ce\u0144stwo <strong>Drogi Krzy\u017cowej<\/strong> b\u0119dziemy odprawia\u0107 w ka\u017cdy pi\u0105tek rano o godz.<strong>00<\/strong>, popo\u0142udniu <strong>o godz.16.00 a nast\u0119pnie, o godz. 17.30. i 20.00. Droga Krzy\u017cowa o godz. 20.00 b\u0119dzie tradycyjnie prowadzona przez nasz\u0105 m\u0142odzie\u017c<\/strong>.<\/li>\n<li>W sobot\u0119 na godz. 17.00 zapraszamy na kolejne <strong>nabo\u017ce\u0144stwo I soboty<\/strong>, wynagradzaj\u0105ce Niepokalanemu Sercu NMP, po\u0142\u0105czone z modlitw\u0105 r\u00f3\u017ca\u0144cow\u0105.<\/li>\n<li>W niedziele za\u015b <strong><u>Gorzkie \u017bale<\/u><\/strong> z kazaniem pasyjnym o godz.<strong><u>17.00<\/u><\/strong> w obu ko\u015bcio\u0142ach.<\/li>\n<li>Tak\u017ce w niedziel\u0119 przypada dzie\u0144 imienin naszego wikariusza <strong> Wac\u0142awa Zygarowicza <\/strong>a za tydzie\u0144 w niedziel\u0119 12 marca, dzie\u0144 imienin<strong> ks. Grzegorza Sochy<\/strong>. Z\u00a0tej okazji pami\u0119tajmy o Nich w naszych modlitwach.<\/li>\n<li>Szczeg\u00f3lnie polecamy dzi\u015b nowy numer naszej <strong>Parafialnej Gazetki Siewca<\/strong>, kt\u00f3r\u0105 mo\u017cna odebra\u0107 przed ko\u015bcio\u0142em z r\u0105k ministrant\u00f3w.<\/li>\n<li>W Siewcy do nabycia <strong>prasa i publikacje katolickie. <\/strong><\/li>\n<\/ol>\n<div class=\"ogloszenia-list\">\n<p><u><strong>Intencje zbiorowe:<\/strong><\/u><\/p>\n<ul>\n<li>Za \u015bp. Stefani\u0119 Wa\u0144 \u2013 intencja od Si\u00f3str S\u0142u\u017cebniczek z Prowincji Przemyskiej \u2013 poniedzia\u0142ek i czwartek, godz. 6.30.<\/li>\n<li>Za \u015bp. Mari\u0119 Majder \u2013 intencja od kole\u017canek i koleg\u00f3w z Gimnazjum Miejskiego w\u00a0Le\u017cajsku \u2013 poniedzia\u0142ek, godz. 7.30.<\/li>\n<li>Za \u015bp. Eugeniusza Mendyka \u2013 intencja od pracownik\u00f3w sklepu Supermarket nr 1 \u2013 \u015broda, godz, 7.00, od pracownik\u00f3w sklepu nr 12 \u2013 czwartek, godz. 18.00 i od pracownik\u00f3w sklepu Supermarket nr 4 \u2013 niedziela, godz. 16.00.<\/li>\n<li>W intencji nowennowych pr\u00f3\u015bb i podzi\u0119kowa\u0144 do MB Pocieszenia \u2013 \u015broda, godz. 18.00.<\/li>\n<li>Msze \u015bw. gregoria\u0144skie za \u015bp. Mariann\u0119 Wali\u0142ko, pocz\u0105tek \u2013 czwartek, godz. 6.30.<\/li>\n<li>Msze \u015bw. gregoria\u0144skie za \u015bp. Henryka Zachar\u0119, pocz\u0105tek \u2013 czwartek, godz. 7.00.<\/li>\n<li>Z intencji Stra\u017cy Honorowej NSPJ \u2013 pi\u0105tek, godz. 18.00.<\/li>\n<li>Z intencji Bractwa Szkaplerza \u015awi\u0119tego \u2013 sobota, godz. 18.00.<\/li>\n<li>W intencji ks. Wac\u0142awa z okazji imienin \u2013 od Stra\u017cy Honorowej NSPJ \u2013 niedziela, godz. 11.30.<\/li>\n<li>Z R\u00f3\u017cy \u015bw. Kazimierza \u2013 niedziela, godz. 10.00 w MK.<\/li>\n<\/ul>\n<\/div>\n","protected":false},"excerpt":{"rendered":"<p>Dzi\u015b zapraszamy jeszcze na nabo\u017ce\u0144stwo eucharystyczne z koronk\u0105 do Bo\u017cego Mi\u0142osierdzia o godz. 17.30. Dzi\u015b rozpoczyna si\u0119 tak\u017ce Tydzie\u0144 Trze\u017awo\u015bci a od \u015arody Popielcowej do I Niedzieli Wielkiego Postu wypadaj\u0105 kwartalne Dni Modlitw o ducha pokuty. Zach\u0119camy do dobrych i jak\u017ce potrzebnych abstynenckich postanowie\u0144, zw\u0142aszcza na czas Wielkiego Postu. W tym tygodniu 1 marca, przypada [&hellip;]<\/p>\n","protected":false},"author":1,"featured_media":413,"comment_status":"closed","ping_status":"open","sticky":false,"template":"","format":"standard","meta":[],"categories":[5],"tags":[],"_links":{"self":[{"href":"https:\/\/lezajsk.przemyska.pl\/index.php?rest_route=\/wp\/v2\/posts\/396"}],"collection":[{"href":"https:\/\/lezajsk.przemyska.pl\/index.php?rest_route=\/wp\/v2\/posts"}],"about":[{"href":"https:\/\/lezajsk.przemyska.pl\/index.php?rest_route=\/wp\/v2\/types\/post"}],"author":[{"embeddable":true,"href":"https:\/\/lezajsk.przemyska.pl\/index.php?rest_route=\/wp\/v2\/users\/1"}],"replies":[{"embeddable":true,"href":"https:\/\/lezajsk.przemyska.pl\/index.php?rest_route=%2Fwp%2Fv2%2Fcomments&post=396"}],"version-history":[{"count":8,"href":"https:\/\/lezajsk.przemyska.pl\/index.php?rest_route=\/wp\/v2\/posts\/396\/revisions"}],"predecessor-version":[{"id":414,"href":"https:\/\/lezajsk.przemyska.pl\/index.php?rest_route=\/wp\/v2\/posts\/396\/revisions\/414"}],"wp:featuredmedia":[{"embeddable":true,"href":"https:\/\/lezajsk.przemyska.pl\/index.php?rest_route=\/wp\/v2\/media\/413"}],"wp:attachment":[{"href":"https:\/\/lezajsk.przemyska.pl\/index.php?rest_route=%2Fwp%2Fv2%2Fmedia&parent=396"}],"wp:term":[{"taxonomy":"category","embeddable":true,"href":"https:\/\/lezajsk.przemyska.pl\/index.php?rest_route=%2Fwp%2Fv2%2Fcategories&post=396"},{"taxonomy":"post_tag","embeddable":true,"href":"https:\/\/lezajsk.przemyska.pl\/index.php?rest_route=%2Fwp%2Fv2%2Ftags&post=396"}],"curies":[{"name":"wp","href":"https:\/\/api.w.org\/{rel}","templated":true}]}}