
{"id":3883,"date":"2017-06-20T10:33:41","date_gmt":"2017-06-20T08:33:41","guid":{"rendered":"http:\/\/lezajsk.przemyska.pl\/?p=3883"},"modified":"2017-06-20T10:34:47","modified_gmt":"2017-06-20T08:34:47","slug":"idzcie-i-odpocznijcie-nieco-mk-631","status":"publish","type":"post","link":"https:\/\/lezajsk.przemyska.pl\/?p=3883","title":{"rendered":"&#8222;Id\u017acie i odpocznijcie nieco&#8230;&#8221; (Mk 6,31)"},"content":{"rendered":"<p style=\"text-align: center;\"><strong>Dzieci i m\u0142odzie\u017c zapraszamy na Msze na zako\u0144czenie roku szkolnego. I tak, na godzin\u0119 8.00: do ko\u015bcio\u0142a farnego zapraszamy dzieci ze szk\u00f3\u0142 podstawowych i gimnazjum, a m\u0142odzie\u017c licealn\u0105 do ma\u0142ego ko\u015bcio\u0142a. B\u0119dziemy wsp\u00f3lnie dzi\u0119kowa\u0107 Bogu za miniony czas nauki i prosi\u0107 o Jego b\u0142ogos\u0142awie\u0144stwo na czas wakacji. Nasze zaproszenie kierujemy r\u00f3wnie\u017c do rodzic\u00f3w, nauczycieli, wychowawc\u00f3w i pracownik\u00f3w szk\u00f3\u0142.\u00a0<\/strong><\/p>\n<p style=\"text-align: center;\"><span style=\"color: #ff0000;\"><strong>A wieczorem o 18.00 uroczyste zako\u0144czenie roku formacji wszystkich grup parafialnych i wsp\u00f3lnot dzia\u0142aj\u0105cych w naszej parafii.\u00a0<\/strong><\/span><\/p>\n","protected":false},"excerpt":{"rendered":"<p>Dzieci i m\u0142odzie\u017c zapraszamy na Msze na zako\u0144czenie roku szkolnego. I tak, na godzin\u0119 8.00: do ko\u015bcio\u0142a farnego zapraszamy dzieci ze szk\u00f3\u0142 podstawowych i gimnazjum, a m\u0142odzie\u017c licealn\u0105 do ma\u0142ego ko\u015bcio\u0142a. B\u0119dziemy wsp\u00f3lnie dzi\u0119kowa\u0107 Bogu za miniony czas nauki i prosi\u0107 o Jego b\u0142ogos\u0142awie\u0144stwo na czas wakacji. Nasze zaproszenie kierujemy r\u00f3wnie\u017c do rodzic\u00f3w, nauczycieli, wychowawc\u00f3w [&hellip;]<\/p>\n","protected":false},"author":5,"featured_media":3884,"comment_status":"closed","ping_status":"open","sticky":false,"template":"","format":"standard","meta":[],"categories":[4],"tags":[],"_links":{"self":[{"href":"https:\/\/lezajsk.przemyska.pl\/index.php?rest_route=\/wp\/v2\/posts\/3883"}],"collection":[{"href":"https:\/\/lezajsk.przemyska.pl\/index.php?rest_route=\/wp\/v2\/posts"}],"about":[{"href":"https:\/\/lezajsk.przemyska.pl\/index.php?rest_route=\/wp\/v2\/types\/post"}],"author":[{"embeddable":true,"href":"https:\/\/lezajsk.przemyska.pl\/index.php?rest_route=\/wp\/v2\/users\/5"}],"replies":[{"embeddable":true,"href":"https:\/\/lezajsk.przemyska.pl\/index.php?rest_route=%2Fwp%2Fv2%2Fcomments&post=3883"}],"version-history":[{"count":2,"href":"https:\/\/lezajsk.przemyska.pl\/index.php?rest_route=\/wp\/v2\/posts\/3883\/revisions"}],"predecessor-version":[{"id":3886,"href":"https:\/\/lezajsk.przemyska.pl\/index.php?rest_route=\/wp\/v2\/posts\/3883\/revisions\/3886"}],"wp:featuredmedia":[{"embeddable":true,"href":"https:\/\/lezajsk.przemyska.pl\/index.php?rest_route=\/wp\/v2\/media\/3884"}],"wp:attachment":[{"href":"https:\/\/lezajsk.przemyska.pl\/index.php?rest_route=%2Fwp%2Fv2%2Fmedia&parent=3883"}],"wp:term":[{"taxonomy":"category","embeddable":true,"href":"https:\/\/lezajsk.przemyska.pl\/index.php?rest_route=%2Fwp%2Fv2%2Fcategories&post=3883"},{"taxonomy":"post_tag","embeddable":true,"href":"https:\/\/lezajsk.przemyska.pl\/index.php?rest_route=%2Fwp%2Fv2%2Ftags&post=3883"}],"curies":[{"name":"wp","href":"https:\/\/api.w.org\/{rel}","templated":true}]}}