
{"id":3872,"date":"2017-06-15T16:12:19","date_gmt":"2017-06-15T14:12:19","guid":{"rendered":"http:\/\/lezajsk.przemyska.pl\/?p=3872"},"modified":"2017-06-15T16:14:08","modified_gmt":"2017-06-15T14:14:08","slug":"zagrody-nasze-widziec-przychodzi","status":"publish","type":"post","link":"https:\/\/lezajsk.przemyska.pl\/?p=3872","title":{"rendered":"&#8230; Zagrody nasze widzie\u0107 przychodzi&#8230;."},"content":{"rendered":"<p>Zako\u0144czyli\u015bmy procesj\u0119 Bo\u017cego Cia\u0142a. W tym roku uroczystej Eucharystii w Klasztorze Ojc\u00f3w Bernardyn\u00f3w przewodniczy\u0142 nasz rodak Kanclerz naszej kurii Ks. Pra\u0142at Bartosz Rajnowski. Homili\u0119 wyg\u0142osi\u0142 o. Bartymeusz. Nasz\u0105 parafi\u0119 reprezentowali &#8211; \u00a0ks. Proboszcz z ks. Piotrem i ks. Dariuszem oraz bardzo liczne grono naszych parafian. Po Mszy \u015awi\u0119tej wyruszyli\u015bmy w procesji. Rzesze ludzi oddaj\u0105cych cze\u015b\u0107 Jezusowi ukrytemu pod postaci\u0105 Chleba; Jezus b\u0142ogos\u0142awi\u0105cy i dogl\u0105daj\u0105cy ulic naszego miasta; dzieci sypi\u0105ce kwiaty, uk\u0142adaj\u0105ce si\u0119 w kwietne dywany. Pi\u0119kno tego wyj\u0105tkowego dnia i obecna\u00a0w sercu kap\u0142a\u0144skim rado\u015b\u0107&#8230; jak dobrze, \u017ce s\u0105 w naszym mie\u015bcie ludzie kochaj\u0105cy Jezusa. Spotykaj\u0105cy si\u0119 z Nim na Eucharystii. Jak to dobrze, \u017ce udzia\u0142 w procesji Bo\u017cego Cia\u0142a dla wielu z nas, to nie jest tylko folklor, ale \u017cywa wiara&#8230; I oby tak zosta\u0142o. Na wieki. Nie tylko dla wielu, ale dla WSZYSTKICH.<\/p>\n","protected":false},"excerpt":{"rendered":"<p>Zako\u0144czyli\u015bmy procesj\u0119 Bo\u017cego Cia\u0142a. W tym roku uroczystej Eucharystii w Klasztorze Ojc\u00f3w Bernardyn\u00f3w przewodniczy\u0142 nasz rodak Kanclerz naszej kurii Ks. Pra\u0142at Bartosz Rajnowski. Homili\u0119 wyg\u0142osi\u0142 o. Bartymeusz. Nasz\u0105 parafi\u0119 reprezentowali &#8211; \u00a0ks. Proboszcz z ks. Piotrem i ks. Dariuszem oraz bardzo liczne grono naszych parafian. Po Mszy \u015awi\u0119tej wyruszyli\u015bmy w procesji. Rzesze ludzi oddaj\u0105cych cze\u015b\u0107 [&hellip;]<\/p>\n","protected":false},"author":5,"featured_media":3757,"comment_status":"closed","ping_status":"open","sticky":false,"template":"","format":"standard","meta":[],"categories":[4],"tags":[],"_links":{"self":[{"href":"https:\/\/lezajsk.przemyska.pl\/index.php?rest_route=\/wp\/v2\/posts\/3872"}],"collection":[{"href":"https:\/\/lezajsk.przemyska.pl\/index.php?rest_route=\/wp\/v2\/posts"}],"about":[{"href":"https:\/\/lezajsk.przemyska.pl\/index.php?rest_route=\/wp\/v2\/types\/post"}],"author":[{"embeddable":true,"href":"https:\/\/lezajsk.przemyska.pl\/index.php?rest_route=\/wp\/v2\/users\/5"}],"replies":[{"embeddable":true,"href":"https:\/\/lezajsk.przemyska.pl\/index.php?rest_route=%2Fwp%2Fv2%2Fcomments&post=3872"}],"version-history":[{"count":1,"href":"https:\/\/lezajsk.przemyska.pl\/index.php?rest_route=\/wp\/v2\/posts\/3872\/revisions"}],"predecessor-version":[{"id":3873,"href":"https:\/\/lezajsk.przemyska.pl\/index.php?rest_route=\/wp\/v2\/posts\/3872\/revisions\/3873"}],"wp:featuredmedia":[{"embeddable":true,"href":"https:\/\/lezajsk.przemyska.pl\/index.php?rest_route=\/wp\/v2\/media\/3757"}],"wp:attachment":[{"href":"https:\/\/lezajsk.przemyska.pl\/index.php?rest_route=%2Fwp%2Fv2%2Fmedia&parent=3872"}],"wp:term":[{"taxonomy":"category","embeddable":true,"href":"https:\/\/lezajsk.przemyska.pl\/index.php?rest_route=%2Fwp%2Fv2%2Fcategories&post=3872"},{"taxonomy":"post_tag","embeddable":true,"href":"https:\/\/lezajsk.przemyska.pl\/index.php?rest_route=%2Fwp%2Fv2%2Ftags&post=3872"}],"curies":[{"name":"wp","href":"https:\/\/api.w.org\/{rel}","templated":true}]}}