
{"id":359,"date":"2017-02-23T23:55:58","date_gmt":"2017-02-23T22:55:58","guid":{"rendered":"http:\/\/lezajsk.przemyska.pl\/?p=359"},"modified":"2017-02-23T23:55:58","modified_gmt":"2017-02-23T22:55:58","slug":"pamietajac-o-zmarlych","status":"publish","type":"post","link":"https:\/\/lezajsk.przemyska.pl\/?p=359","title":{"rendered":"Pami\u0119taj\u0105c o zmar\u0142ych"},"content":{"rendered":"<p>Pami\u0119\u0107 o zmar\u0142ych dyrektorach, nauczycielach, wychowawcach i pracownikach o\u015bwiaty oraz\u00a0duch wdzi\u0119czno\u015bci za ich \u017cycie zdominowa\u0142y listopadowe spotkanie nauczycieli rejonu le\u017cajskiego. Podczas Mszy \u015bwi\u0119tej oraz nabo\u017ce\u0144stwa wypominkowego prosili\u015bmy dla naszych zmar\u0142ych koleg\u00f3w i kole\u017canek o mi\u0142osierdzie Bo\u017ce i rado\u015b\u0107\u00a0wieczn\u0105.\u00a0Podczas spotkania om\u00f3wione zosta\u0142o zagadnienie czy\u015b\u0107ca oraz pomocy duszom czy\u015b\u0107cowym.<br \/>\nSpotkanie\u00a0odby\u0142o si\u0119 18.11.2010r.<\/p>\n","protected":false},"excerpt":{"rendered":"<p>Pami\u0119\u0107 o zmar\u0142ych dyrektorach, nauczycielach, wychowawcach i pracownikach o\u015bwiaty oraz\u00a0duch wdzi\u0119czno\u015bci za ich \u017cycie zdominowa\u0142y listopadowe spotkanie nauczycieli rejonu le\u017cajskiego. Podczas Mszy \u015bwi\u0119tej oraz nabo\u017ce\u0144stwa wypominkowego prosili\u015bmy dla naszych zmar\u0142ych koleg\u00f3w i kole\u017canek o mi\u0142osierdzie Bo\u017ce i rado\u015b\u0107\u00a0wieczn\u0105.\u00a0Podczas spotkania om\u00f3wione zosta\u0142o zagadnienie czy\u015b\u0107ca oraz pomocy duszom czy\u015b\u0107cowym. Spotkanie\u00a0odby\u0142o si\u0119 18.11.2010r.<\/p>\n","protected":false},"author":1,"featured_media":360,"comment_status":"closed","ping_status":"open","sticky":false,"template":"","format":"standard","meta":[],"categories":[19],"tags":[],"_links":{"self":[{"href":"https:\/\/lezajsk.przemyska.pl\/index.php?rest_route=\/wp\/v2\/posts\/359"}],"collection":[{"href":"https:\/\/lezajsk.przemyska.pl\/index.php?rest_route=\/wp\/v2\/posts"}],"about":[{"href":"https:\/\/lezajsk.przemyska.pl\/index.php?rest_route=\/wp\/v2\/types\/post"}],"author":[{"embeddable":true,"href":"https:\/\/lezajsk.przemyska.pl\/index.php?rest_route=\/wp\/v2\/users\/1"}],"replies":[{"embeddable":true,"href":"https:\/\/lezajsk.przemyska.pl\/index.php?rest_route=%2Fwp%2Fv2%2Fcomments&post=359"}],"version-history":[{"count":1,"href":"https:\/\/lezajsk.przemyska.pl\/index.php?rest_route=\/wp\/v2\/posts\/359\/revisions"}],"predecessor-version":[{"id":361,"href":"https:\/\/lezajsk.przemyska.pl\/index.php?rest_route=\/wp\/v2\/posts\/359\/revisions\/361"}],"wp:featuredmedia":[{"embeddable":true,"href":"https:\/\/lezajsk.przemyska.pl\/index.php?rest_route=\/wp\/v2\/media\/360"}],"wp:attachment":[{"href":"https:\/\/lezajsk.przemyska.pl\/index.php?rest_route=%2Fwp%2Fv2%2Fmedia&parent=359"}],"wp:term":[{"taxonomy":"category","embeddable":true,"href":"https:\/\/lezajsk.przemyska.pl\/index.php?rest_route=%2Fwp%2Fv2%2Fcategories&post=359"},{"taxonomy":"post_tag","embeddable":true,"href":"https:\/\/lezajsk.przemyska.pl\/index.php?rest_route=%2Fwp%2Fv2%2Ftags&post=359"}],"curies":[{"name":"wp","href":"https:\/\/api.w.org\/{rel}","templated":true}]}}