
{"id":3512,"date":"2017-06-13T10:21:04","date_gmt":"2017-06-13T08:21:04","guid":{"rendered":"http:\/\/lezajsk.przemyska.pl\/?p=3512"},"modified":"2017-06-13T10:22:28","modified_gmt":"2017-06-13T08:22:28","slug":"piknik-rodzinny-w-grodzisku-dolnym-polecamy","status":"publish","type":"post","link":"https:\/\/lezajsk.przemyska.pl\/?p=3512","title":{"rendered":"Piknik Rodzinny w Grodzisku Dolnym&#8230; Polecamy!"},"content":{"rendered":"<p style=\"text-align: center;\"><strong>Ju\u017c \u00a0w najbli\u017csz\u0105 niedziel\u0119, 18 czerwca, w ramach pikniku Rodzinnego, organizowanego przez Zesp\u00f3\u0142 Szk\u00f3\u0142 w <span style=\"color: #ff0000;\">Grodzisku Dolnym<\/span>, wraz z Ko\u0142em Caritas, wyst\u0105pi Micha\u0142 Kr\u00f3l z Zespo\u0142em. Micha\u0142 to 24-letni kompozytor, producent, wokalista i gitarzysta kt\u00f3ry swoj\u0105 dzia\u0142alno\u015b\u0107 i tw\u00f3rczo\u015b\u0107 traktuje jako powo\u0142anie i odpowied\u017a na Chrystusowe wezwanie do budowania i rozszerzania Kr\u00f3lestwa Bo\u017cego na ziemi. Jego koncert, to uwielbienie spotkania z Chrystusem przy muzyce. Jest laureatem zesz\u0142orocznego \u201eGlory Festival\u201d, we Wroc\u0142awiu podczas Tygodnia Jezusa. <\/strong><\/p>\n<p style=\"text-align: center;\"><span style=\"color: #ff0000;\"><strong>Koncert Micha\u0142a przy zespole Szk\u00f3\u0142 w Grodzisku Dolnym ju\u017c w niedziel\u0119, 18 czerwca, o 18.00.<\/strong><\/span><\/p>\n<p style=\"text-align: center;\"><strong>\u00a0<\/strong><a href=\"https:\/\/www.youtube.com\/watch?v=KcHx-NlzAig\"><strong>https:\/\/www.youtube.com\/watch?v=KcHx-NlzAig<\/strong><\/a><\/p>\n","protected":false},"excerpt":{"rendered":"<p>Ju\u017c \u00a0w najbli\u017csz\u0105 niedziel\u0119, 18 czerwca, w ramach pikniku Rodzinnego, organizowanego przez Zesp\u00f3\u0142 Szk\u00f3\u0142 w Grodzisku Dolnym, wraz z Ko\u0142em Caritas, wyst\u0105pi Micha\u0142 Kr\u00f3l z Zespo\u0142em. Micha\u0142 to 24-letni kompozytor, producent, wokalista i gitarzysta kt\u00f3ry swoj\u0105 dzia\u0142alno\u015b\u0107 i tw\u00f3rczo\u015b\u0107 traktuje jako powo\u0142anie i odpowied\u017a na Chrystusowe wezwanie do budowania i rozszerzania Kr\u00f3lestwa Bo\u017cego na ziemi. [&hellip;]<\/p>\n","protected":false},"author":5,"featured_media":3513,"comment_status":"closed","ping_status":"open","sticky":false,"template":"","format":"standard","meta":[],"categories":[4],"tags":[],"_links":{"self":[{"href":"https:\/\/lezajsk.przemyska.pl\/index.php?rest_route=\/wp\/v2\/posts\/3512"}],"collection":[{"href":"https:\/\/lezajsk.przemyska.pl\/index.php?rest_route=\/wp\/v2\/posts"}],"about":[{"href":"https:\/\/lezajsk.przemyska.pl\/index.php?rest_route=\/wp\/v2\/types\/post"}],"author":[{"embeddable":true,"href":"https:\/\/lezajsk.przemyska.pl\/index.php?rest_route=\/wp\/v2\/users\/5"}],"replies":[{"embeddable":true,"href":"https:\/\/lezajsk.przemyska.pl\/index.php?rest_route=%2Fwp%2Fv2%2Fcomments&post=3512"}],"version-history":[{"count":1,"href":"https:\/\/lezajsk.przemyska.pl\/index.php?rest_route=\/wp\/v2\/posts\/3512\/revisions"}],"predecessor-version":[{"id":3514,"href":"https:\/\/lezajsk.przemyska.pl\/index.php?rest_route=\/wp\/v2\/posts\/3512\/revisions\/3514"}],"wp:featuredmedia":[{"embeddable":true,"href":"https:\/\/lezajsk.przemyska.pl\/index.php?rest_route=\/wp\/v2\/media\/3513"}],"wp:attachment":[{"href":"https:\/\/lezajsk.przemyska.pl\/index.php?rest_route=%2Fwp%2Fv2%2Fmedia&parent=3512"}],"wp:term":[{"taxonomy":"category","embeddable":true,"href":"https:\/\/lezajsk.przemyska.pl\/index.php?rest_route=%2Fwp%2Fv2%2Fcategories&post=3512"},{"taxonomy":"post_tag","embeddable":true,"href":"https:\/\/lezajsk.przemyska.pl\/index.php?rest_route=%2Fwp%2Fv2%2Ftags&post=3512"}],"curies":[{"name":"wp","href":"https:\/\/api.w.org\/{rel}","templated":true}]}}