
{"id":3506,"date":"2017-06-12T12:35:05","date_gmt":"2017-06-12T10:35:05","guid":{"rendered":"http:\/\/lezajsk.przemyska.pl\/?p=3506"},"modified":"2017-06-12T12:37:57","modified_gmt":"2017-06-12T10:37:57","slug":"100-rocznica-objawien-fatimskich-w-naszej-parafii-2","status":"publish","type":"post","link":"https:\/\/lezajsk.przemyska.pl\/?p=3506","title":{"rendered":"100 rocznica Objawie\u0144 Fatimskich w naszej parafii\u2026"},"content":{"rendered":"<p style=\"text-align: center;\"><strong>Od 9 lat podczas Wielkiej Nowenny, przygotowywali\u015bmy si\u0119 jako parafia, diecezja i Ko\u015bci\u00f3\u0142 \u2013 do wydarzenia 100 rocznicy Objawie\u0144 Matki Bo\u017cej w Fatimie.<\/strong><\/p>\n<p style=\"text-align: center;\"><span style=\"color: #ff0000;\"><strong>ZAPRASZAMY wszystkich parafian \u2013 1<\/strong><strong>3 czerwca do naszej \u015bwi\u0105tyni, na godzin\u0119 18.00, aby wsp\u00f3lnie dzi\u0119kowa\u0107 Panu Bogu za dar spotkania z Matk\u0105; za ka\u017cde s\u0142owo skierowane, przez Pi\u0119kn\u0105 Pani\u0105 do nas; za ka\u017cde wezwanie nas do pokuty, modlitwy i lepszego \u017cycia. Dzi\u0119kujemy za wskazanie nam r\u00f3\u017ca\u0144ca, jako najskuteczniejszej broni przeciwko z\u0142u.\u00a0<\/strong><\/span><\/p>\n<p style=\"text-align: center;\"><strong>Ka\u017cdego 13 dnia miesi\u0105ca (od maja do pa\u017adziernika) b\u0119dziemy gromadzi\u0107 si\u0119 na rozwa\u017caniu poszczeg\u00f3lnych tajemnic r\u00f3\u017ca\u0144ca. W tym roku szczeg\u00f3lne zadania podj\u0119\u0142a\u00a0Akcja Katolicka oraz R\u00f3\u017ce R\u00f3\u017ca\u0144cowe, kt\u00f3re wzi\u0119\u0142y na siebie\u00a0trud przygotowa\u0144 tegorocznych Nabo\u017ce\u0144stw Fatimskich. W porozumieniu\u00a0z MCK w Le\u017cajsku, (grupa teatralna BARATARIO) \u00a0ka\u017cde nabo\u017ce\u0144stwo b\u0119dzie rozpoczyna\u0107 si\u0119 od kr\u00f3tkiej scenki teatralnej opowiadaj\u0105cej o poszczeg\u00f3lnym objawieniu.\u00a0<\/strong><\/p>\n<h2>ZAPRASZAMY DO WSP\u00d3LNEJ MODLITWY<\/h2>\n<p><!--more--><\/p>\n<h3 style=\"text-align: center;\"><strong><span style=\"color: #000000;\">Drugie\u00a0objawienie: 13 czerwca 1917 roku<\/span><\/strong><\/h3>\n<p>Drugie objawienie tak\u017ce zosta\u0142o zapowiedziane wizjonerom przez \u017cywy blask, kt\u00f3ry nazwali \u201eb\u0142yskawic\u0105\u201d, lecz kt\u00f3ry w\u0142a\u015bciwie ni\u0105 nie b\u0119d\u0105c, by\u0142 raczej odbiciem zbli\u017caj\u0105cego si\u0119 \u015bwiat\u0142a. Niekt\u00f3rzy, z oko\u0142o pi\u0119\u0107dziesi\u0119ciu obserwator\u00f3w, kt\u00f3rzy przyszli na to miejsce, widzieli, \u017ce s\u0142o\u0144ce, na pocz\u0105tku objawienia, utraci\u0142o na kilka minut sw\u00f3j blask. Inni przypominali sobie, \u017ce wierzcho\u0142ek drzewka, pokryty listowiem, zdawa\u0142 si\u0119 ugina\u0107, jakby pod jakim\u015b ci\u0119\u017carem chwil\u0119 przed tym jak \u0141ucja zacz\u0119\u0142a m\u00f3wi\u0107. Podczas spotkania Naj\u015bwi\u0119tszej Maryi Panny z wizjonerami, wiele os\u00f3b us\u0142ysza\u0142o szept przypominaj\u0105cy brz\u0119czenie pszczo\u0142y.<\/p>\n<p style=\"text-align: center;\"><strong><span style=\"color: #000000;\">Rozmowa ich potoczy\u0142a si\u0119 nast\u0119puj\u0105co:<\/span><\/strong><\/p>\n<p style=\"text-align: left;\">\u0141UCJA: Czego Pani sobie \u017cyczy ode mnie?<\/p>\n<p style=\"text-align: left;\">MATKA BO\u017bA: <span style=\"color: #ff0000;\">Chc\u0119, aby\u015bcie przyszli tu 13 dnia nast\u0119pnego miesi\u0105ca, aby\u015bcie odmawiali codziennie r\u00f3\u017caniec i nauczyli si\u0119 czyta\u0107. Potem powiem, czego chc\u0119.<\/span><\/p>\n<p style=\"text-align: left;\">Wtedy to \u0141ucja poprosi\u0142a o uleczenie pewnego chorego.<\/p>\n<p style=\"text-align: left;\">MATKA BO\u017bA: <span style=\"color: #ff0000;\">Je\u017celi nawr\u00f3ci si\u0119, wyzdrowieje w ci\u0105gu roku.<\/span><\/p>\n<p style=\"text-align: left;\">\u0141UCJA: Chcia\u0142abym prosi\u0107, aby nas Pani zabra\u0142a do nieba.<\/p>\n<p style=\"text-align: left;\">MATKA BO\u017bA: <span style=\"color: #ff0000;\">Tak, Hiacynt\u0119 i Franciszka zabior\u0119 nied\u0142ugo. Ty jednak zostaniesz tu przez jaki\u015b czas. Jezus chce pos\u0142u\u017cy\u0107 si\u0119 tob\u0105, aby ludzie Mnie lepiej poznali i pokochali. Chce On ustanowi\u0107 na \u015bwiecie nabo\u017ce\u0144stwo do mego Niepokalanego Serca. Tym, kt\u00f3rzy je przyjm\u0105, obiecuj\u0119 zbawienie. Dusze te b\u0119d\u0105 tak drogie Bogu, jak kwiaty, kt\u00f3rymi ozdabiam Jego tron.<\/span><\/p>\n<p style=\"text-align: left;\">\u0141UCJA: Czy zostan\u0119 tu sama?<\/p>\n<p style=\"text-align: left;\">MATKA BO\u017bA: <span style=\"color: #ff0000;\">Nie, c\u00f3rko. Czy bardzo cierpisz? Nie tra\u0107 odwagi, nie opuszcz\u0119 ci\u0119 nigdy. Moje Niepokalane Serce b\u0119dzie twoj\u0105 ucieczk\u0105 i drog\u0105, kt\u00f3ra zaprowadzi ci\u0119 do Boga.<\/span><\/p>\n<p style=\"text-align: center;\">W chwili, gdy wypowiada\u0142a te ostatnie s\u0142owa \u2013 opowiada siostra \u0141ucja \u2013 rozchyli\u0142a swe d\u0142onie i po raz drugi przekaza\u0142a nam odblask tego niezmiernego \u015bwiat\u0142a.\u00a0 Kiedy wizja ta znik\u0142a, Pani, ca\u0142y czas otulona \u015bwiat\u0142em, kt\u00f3re z Niej emanowa\u0142o, unios\u0142a si\u0119 lekko, bez najmniejszego wysi\u0142ku, ponad zielony d\u0105b w kierunku wschodnim i ca\u0142kiem znik\u0142a. Kilka os\u00f3b, kt\u00f3re znajdowa\u0142y si\u0119 najbli\u017cej, spostrzeg\u0142o, i\u017c li\u015bcie znajduj\u0105ce si\u0119 na wierzcho\u0142ku krzaka ugi\u0119\u0142y si\u0119 w tym samym kierunku, jakby szarpni\u0119te ubraniem Naj\u015bwi\u0119tszej Panienki. Krzak pozosta\u0142 p\u00f3\u017aniej jeszcze przez kilka godzin ugi\u0119ty w ten sam spos\u00f3b, zanim powr\u00f3ci\u0142 do swej naturalnej pozycji.<\/p>\n","protected":false},"excerpt":{"rendered":"<p>Od 9 lat podczas Wielkiej Nowenny, przygotowywali\u015bmy si\u0119 jako parafia, diecezja i Ko\u015bci\u00f3\u0142 \u2013 do wydarzenia 100 rocznicy Objawie\u0144 Matki Bo\u017cej w Fatimie. ZAPRASZAMY wszystkich parafian \u2013 13 czerwca do naszej \u015bwi\u0105tyni, na godzin\u0119 18.00, aby wsp\u00f3lnie dzi\u0119kowa\u0107 Panu Bogu za dar spotkania z Matk\u0105; za ka\u017cde s\u0142owo skierowane, przez Pi\u0119kn\u0105 Pani\u0105 do nas; za [&hellip;]<\/p>\n","protected":false},"author":5,"featured_media":3031,"comment_status":"closed","ping_status":"open","sticky":false,"template":"","format":"standard","meta":[],"categories":[4],"tags":[],"_links":{"self":[{"href":"https:\/\/lezajsk.przemyska.pl\/index.php?rest_route=\/wp\/v2\/posts\/3506"}],"collection":[{"href":"https:\/\/lezajsk.przemyska.pl\/index.php?rest_route=\/wp\/v2\/posts"}],"about":[{"href":"https:\/\/lezajsk.przemyska.pl\/index.php?rest_route=\/wp\/v2\/types\/post"}],"author":[{"embeddable":true,"href":"https:\/\/lezajsk.przemyska.pl\/index.php?rest_route=\/wp\/v2\/users\/5"}],"replies":[{"embeddable":true,"href":"https:\/\/lezajsk.przemyska.pl\/index.php?rest_route=%2Fwp%2Fv2%2Fcomments&post=3506"}],"version-history":[{"count":4,"href":"https:\/\/lezajsk.przemyska.pl\/index.php?rest_route=\/wp\/v2\/posts\/3506\/revisions"}],"predecessor-version":[{"id":3510,"href":"https:\/\/lezajsk.przemyska.pl\/index.php?rest_route=\/wp\/v2\/posts\/3506\/revisions\/3510"}],"wp:featuredmedia":[{"embeddable":true,"href":"https:\/\/lezajsk.przemyska.pl\/index.php?rest_route=\/wp\/v2\/media\/3031"}],"wp:attachment":[{"href":"https:\/\/lezajsk.przemyska.pl\/index.php?rest_route=%2Fwp%2Fv2%2Fmedia&parent=3506"}],"wp:term":[{"taxonomy":"category","embeddable":true,"href":"https:\/\/lezajsk.przemyska.pl\/index.php?rest_route=%2Fwp%2Fv2%2Fcategories&post=3506"},{"taxonomy":"post_tag","embeddable":true,"href":"https:\/\/lezajsk.przemyska.pl\/index.php?rest_route=%2Fwp%2Fv2%2Ftags&post=3506"}],"curies":[{"name":"wp","href":"https:\/\/api.w.org\/{rel}","templated":true}]}}