
{"id":3398,"date":"2017-06-10T19:35:23","date_gmt":"2017-06-10T17:35:23","guid":{"rendered":"http:\/\/lezajsk.przemyska.pl\/?p=3398"},"modified":"2017-06-10T23:02:07","modified_gmt":"2017-06-10T21:02:07","slug":"uroczystosc-trojcy-przenajswietszej-11-06-2017-r","status":"publish","type":"post","link":"https:\/\/lezajsk.przemyska.pl\/?p=3398","title":{"rendered":"Uroczysto\u015b\u0107 Tr\u00f3jcy Przenaj\u015bwi\u0119tszej (11.06.2017 r.)"},"content":{"rendered":"<ol>\n<li>Dzi\u015b w naszej parafii dzie\u0144 <strong>Odpust Parafialnego ku czci Tr\u00f3jcy Przenaj\u015bwi\u0119tszej<\/strong>. Suma odpustowa zostanie odprawiona o <strong> 11.30<\/strong> a b\u0119dzie jej przewodniczy\u0142 i wyg\u0142osi S\u0142owo Bo\u017ce, nasz rodak <strong>J.E.<\/strong> <strong>ks. bp Ignacy Dec<\/strong>, kt\u00f3remu za t\u0119 pos\u0142ug\u0119 z ca\u0142ego serca dzi\u0119kujemy. Niech B\u00f3g Ojciec, Syn Bo\u017cy i Duch \u015awi\u0119ty, darzy swoim b\u0142ogos\u0142awie\u0144stwem tak\u017ce wszystkich parafian i go\u015bci. Pami\u0119tajmy te\u017c, \u017ce przyjmuj\u0105c dzi\u015b Komuni\u0119 \u015bw. zyskujemy <strong>odpust zupe\u0142ny<\/strong>, kt\u00f3ry mo\u017cemy ofiarowa\u0107 zar\u00f3wno za siebie jak i za zmar\u0142ych. Warunkiem jest jak zawsze, stan \u0142aski u\u015bwi\u0119caj\u0105cej, wyzbycie si\u0119 przywi\u0105zania do jakiegokolwiek grzechu i odm\u00f3wienie modlitwy Ojcze nasz i\u00a0Wierz\u0119 w Boga Ojca.<\/li>\n<li>Dzi\u015b tak\u017ce go\u015bcimy <strong>Tadeusza Skotnickiego<\/strong>, kt\u00f3ry swoj\u0105 muzyk\u0105 i \u015bpiewem pomaga nam uwielbi\u0107 Tr\u00f3jc\u0119 Przenaj\u015bwi\u0119tsz\u0105.<\/li>\n<li>Dzisiejsz\u0105 uroczysto\u015bci\u0105 ko\u0144czy si\u0119 w Ko\u015bciele czas<strong> spowiedzi wielkanocnej<\/strong>.<\/li>\n<li>Jutro po Mszy \u015bw.<strong> spotkanie Akcji Katolickiej, <\/strong>na kt\u00f3re wszystkich cz\u0142onk\u00f3w, kandydat\u00f3w jak i\u00a0sympatyk\u00f3w serdecznie zapraszamy.<\/li>\n<li>Tak\u017ce jutro zapraszamy m\u0142odzie\u017c gimnazjaln\u0105 na kolejne <strong>spotkania formacyjne w\u00a0ramach przygotowania do przyj\u0119cia sakramentu bierzmowania<\/strong>. I\u00a0tak klasy I\u00a0zapraszamy na godz. 16.00 a klasy II na godz. 17.00. Spotkania b\u0119d\u0105 si\u0119 odbywa\u0107 w ma\u0142ym ko\u015bciele.<\/li>\n<li>We wtorek 13 czerwca na godz. 18.00, zapraszamy wszystkich czcicieli Matki Bo\u017cej na <strong>nabo\u017ce\u0144stwo fatimskie z procesj\u0105 r\u00f3\u017ca\u0144cow\u0105<\/strong>. W ramach tego\u017c nabo\u017ce\u0144stwa b\u0119dziemy mogli zobaczy\u0107 kolejn\u0105 kr\u00f3tk\u0105 scenk\u0105 ilustruj\u0105c\u0105 drugie objawienie Matki Bo\u017cej w\u00a0wykonaniu grupy teatralnej <strong>Baratario<\/strong>, dzia\u0142aj\u0105cej przy naszym MCK-u. Na o\u0142tarzach s\u0105 jeszcze do zabrania okoliczno\u015bciowe obrazki z zaproszeniem na Nabo\u017ce\u0144stwa Fatimskie w\u00a0naszym ko\u015bciele.<\/li>\n<li>W \u015brod\u0119 po Mszy \u015bw. wieczornej <strong>spotkanie zelator\u00f3w wszystkich R\u00f3\u017c R\u00f3\u017ca\u0144cowych<\/strong>.<\/li>\n<li>W czwartek 15 czerwca <strong>Uroczysto\u015b\u0107 Naj\u015bwi\u0119tszego Cia\u0142a i Krwi Pa\u0144skiej<\/strong>, <strong>czyli Bo\u017ce Cia\u0142o.<\/strong> <strong><u>Msze \u015bw. tylko w ko\u015bciele Farnym o godz. 7.00, 8.30 i 10.00, popo\u0142udniu o\u00a0godz. 16.00 i 18.00 oraz bezpo\u015brednio po zako\u0144czeniu procesji<\/u><\/strong> dla tych, kt\u00f3rzy nie uczestniczyli we Mszy \u015bw. rozpoczynaj\u0105cej nabo\u017ce\u0144stwo. W tym roku, uroczysto\u015bci Bo\u017cego Cia\u0142a z\u00a0procesj\u0105 Eucharystyczn\u0105 rozpoczn\u0105 si\u0119 w Bazylice OO. Bernardyn\u00f3w, Msz\u0105 \u015bw. o godz. 9.30. Po Mszy \u015bw. wyruszymy z procesj\u0105 do czterech o\u0142tarzy ca\u0142y czas ul. Mickiewicza a\u017c do naszej Fary. Prosimy o przygotowanie 2\u00a0o\u0142tarzy: III O\u0142tarz, na wysoko\u015bci MCK \u2013 Akcja Katolicka i Bracia z R\u00f3\u017c M\u0119skich oraz IV przy naszym o\u0142tarzu polowym \u2013 Stra\u017c Honorowa NSPJ wesp\u00f3\u0142 z Bractwem Szkaplerza \u015bw. Okoliczno\u015bciowa homilia b\u0119dzie wyg\u0142oszona podczas Mszy \u015bw. w\u00a0Bazylice na rozpocz\u0119cie procesji. Zapraszamy wszystkich do jak najliczniejszego udzia\u0142u w tym wyj\u0105tkowym nabo\u017ce\u0144stwie, pami\u0119taj\u0105c, \u017ce udzia\u0142 w procesji nie zwalnia nas z\u00a0obowi\u0105zku uczestniczenia we Mszy \u015bw. Dzieci w\u00a0strojach komunijnych jak i\u00a0m\u0142odsze zapraszamy do sypania kwiat\u00f3w i dzwonienia zar\u00f3wno w Bo\u017ce Cia\u0142o jak i\u00a0przez ca\u0142\u0105 oktaw\u0119.<\/li>\n<li>W Bo\u017ce Cia\u0142o, ks. Grzegorz wraz z m\u0142odzie\u017c\u0105 oazow\u0105 organizuj\u0105 popo\u0142udniu wyjazd do Rzeszowa na doroczny <strong>koncert ewangelizacyjny \u201eJednego Serca, Jednego Ducha\u201d.<\/strong> Wyjazd z parkingu przy ko\u015bciele, godz. 17.00. Zapisy w zakrystii.<\/li>\n<li><strong>W pi\u0105tek po Bo\u017cym Ciele nie obowi\u0105zuje wstrzemi\u0119\u017aliwo\u015b\u0107 od pokarm\u00f3w mi\u0119snych<\/strong> na mocy og\u00f3lnej dyspensy udzielonej przez naszego Arcybiskupa Adama Szala.<\/li>\n<li>S\u0105 jeszcze wolne miejsca na <strong>Pielgrzymk\u0119 Stra\u017cy Honorowej NSPJ na Jasn\u0105 G\u00f3r\u0119 w\u00a0dniu 17 czerwca br. <\/strong>Wyjazd b\u0119dzie mia\u0142 miejsce w sobot\u0119 o godz. 4.50 rano z parkingu przy ko\u015bciele i dworca PKS. Zapisy w zakrystii.<\/li>\n<li>Zapraszamy wszystkich zainteresowanych do udzia\u0142u w\u00a0<strong>XXXVII Pieszej Pielgrzymce na Jasna G\u00f3r\u0119<\/strong>. Szczeg\u00f3\u0142owe informacje na tablicy og\u0142osze\u0144 i u ks. Grzegorza.<\/li>\n<li>Dzisiejsza <strong>taca mszalna jest przeznaczona na trwaj\u0105ce prace remontowe<\/strong> przy naszej parafii.<\/li>\n<li><strong>W Siewcy<\/strong> do nabycia prasa i publikacje katolickie.<\/li>\n<li>Jest mo\u017cliwo\u015b\u0107 skorzystania z darmowych <strong>kurs\u00f3w j\u0119zyka angielskiego i niemieckiego<\/strong>. Szczeg\u00f3\u0142y dla zainteresowanych na tablicy og\u0142osze\u0144.<\/li>\n<\/ol>\n<p><strong><u>Intencje zbiorowe: <\/u><\/strong><\/p>\n<ul>\n<li>Z R\u00f3\u017cy \u015bw. Antoniego \u2013 wtorek, godz. 18.00.<\/li>\n<li>Za \u015bp. Ann\u0119 Wa\u0144-Turek \u2013 intencja od kole\u017canek c\u00f3rki Krystyny z zak\u0142adu BMF w Le\u017cajsku \u2013 \u015broda, godz. 7.30.<\/li>\n<li>W intencji nowennowych pr\u00f3\u015bb i podzi\u0119kowa\u0144 do MB Pocieszenia \u2013 \u015broda, godz. 18.00<\/li>\n<li>Za \u015bp. Janusza Chamiec \u2013 intencja od s\u0105siad\u00f3w z ul. Podzwierzyniec \u2013 \u015broda, godz. 18.00.<\/li>\n<li>W intencji pielgrzym\u00f3w, pielgrzymuj\u0105cych do MB Fatimskiej na Krzept\u00f3wkach w Zakopanem \u2013 czwartek, w klasztorze, Msza \u015bw. rozpoczynaj\u0105ca procesj\u0119 Bo\u017cego Cia\u0142a, godz. 9.30.<\/li>\n<li>Za \u015bp. Ann\u0119 Kwieci\u0144sk\u0105 \u2013 intencja od kole\u017canek i koleg\u00f3w syna z Poltino \u2013 pi\u0105tek, godz. 6.30, sobota, godz. 7.30 i niedziela, godz. 7.00.<\/li>\n<\/ul>\n","protected":false},"excerpt":{"rendered":"<p>Dzi\u015b w naszej parafii dzie\u0144 Odpust Parafialnego ku czci Tr\u00f3jcy Przenaj\u015bwi\u0119tszej. Suma odpustowa zostanie odprawiona o 11.30 a b\u0119dzie jej przewodniczy\u0142 i wyg\u0142osi S\u0142owo Bo\u017ce, nasz rodak J.E. ks. bp Ignacy Dec, kt\u00f3remu za t\u0119 pos\u0142ug\u0119 z ca\u0142ego serca dzi\u0119kujemy. Niech B\u00f3g Ojciec, Syn Bo\u017cy i Duch \u015awi\u0119ty, darzy swoim b\u0142ogos\u0142awie\u0144stwem tak\u017ce wszystkich parafian i [&hellip;]<\/p>\n","protected":false},"author":4,"featured_media":0,"comment_status":"closed","ping_status":"open","sticky":false,"template":"","format":"standard","meta":[],"categories":[5],"tags":[],"_links":{"self":[{"href":"https:\/\/lezajsk.przemyska.pl\/index.php?rest_route=\/wp\/v2\/posts\/3398"}],"collection":[{"href":"https:\/\/lezajsk.przemyska.pl\/index.php?rest_route=\/wp\/v2\/posts"}],"about":[{"href":"https:\/\/lezajsk.przemyska.pl\/index.php?rest_route=\/wp\/v2\/types\/post"}],"author":[{"embeddable":true,"href":"https:\/\/lezajsk.przemyska.pl\/index.php?rest_route=\/wp\/v2\/users\/4"}],"replies":[{"embeddable":true,"href":"https:\/\/lezajsk.przemyska.pl\/index.php?rest_route=%2Fwp%2Fv2%2Fcomments&post=3398"}],"version-history":[{"count":3,"href":"https:\/\/lezajsk.przemyska.pl\/index.php?rest_route=\/wp\/v2\/posts\/3398\/revisions"}],"predecessor-version":[{"id":3462,"href":"https:\/\/lezajsk.przemyska.pl\/index.php?rest_route=\/wp\/v2\/posts\/3398\/revisions\/3462"}],"wp:attachment":[{"href":"https:\/\/lezajsk.przemyska.pl\/index.php?rest_route=%2Fwp%2Fv2%2Fmedia&parent=3398"}],"wp:term":[{"taxonomy":"category","embeddable":true,"href":"https:\/\/lezajsk.przemyska.pl\/index.php?rest_route=%2Fwp%2Fv2%2Fcategories&post=3398"},{"taxonomy":"post_tag","embeddable":true,"href":"https:\/\/lezajsk.przemyska.pl\/index.php?rest_route=%2Fwp%2Fv2%2Ftags&post=3398"}],"curies":[{"name":"wp","href":"https:\/\/api.w.org\/{rel}","templated":true}]}}