
{"id":3392,"date":"2017-06-03T20:14:15","date_gmt":"2017-06-03T18:14:15","guid":{"rendered":"http:\/\/lezajsk.przemyska.pl\/?p=3392"},"modified":"2017-06-03T20:15:05","modified_gmt":"2017-06-03T18:15:05","slug":"uroczystosc-zeslania-ducha-swietego-04-06-2017-r","status":"publish","type":"post","link":"https:\/\/lezajsk.przemyska.pl\/?p=3392","title":{"rendered":"Uroczysto\u015b\u0107 Zes\u0142ania Ducha \u015awi\u0119tego (04.06.2017 r.)"},"content":{"rendered":"<ol>\n<li>Z racji dzisiejszej uroczysto\u015bci, ka\u017cdy kto pobo\u017cnie i publicznie odm\u00f3wi dzi\u015b hymn <strong>\u201eO\u00a0Stworzycielu Duchu przyjd\u017a\u2026\u201d, mo\u017ce zyska\u0107 odpust zupe\u0142ny<\/strong> pod zwyk\u0142ymi warunkami.<\/li>\n<li>Dzi\u015b tak\u017ce kolejny <strong>Wiecz\u00f3r Uwielbienia, kt\u00f3ry rozpocznie sie po Mszy \u015bw. wieczornej oko\u0142o godz. 19.00. <\/strong>B\u0119dziemy modli\u0107 si\u0119 o osobiste do\u015bwiadczenie \u0142aski <strong>chrztu w Duchu \u015awi\u0119tym<\/strong> wraz z\u00a0indywidualn\u0105 modlitw\u0105 wstawiennicz\u0105<strong>. <\/strong>Serdecznie zapraszamy wszystkich parafian a szczeg\u00f3lnie dzieci i m\u0142odzie\u017c. Ze wzgl\u0119du na Wiecz\u00f3r Uwielbienia nie b\u0119dzie dzi\u015b wyj\u0105tkowo nabo\u017ce\u0144stwa o godz. 17.30 a litania do Serca Pana Jezusa b\u0119dzie wkomponowana w nabo\u017ce\u0144stwo uwielbienia.<\/li>\n<li>Go\u015bcimy dzi\u015b w naszej parafii <strong> Krzysztofa Pachuta ze Stowarzyszenia Misji Afryka\u0144skich<\/strong> wraz z\u00a0wolontariuszami. Jak ju\u017c informowali\u015bmy, po Mszy \u015bw. b\u0119d\u0105 oni zbiera\u0107 dowolne ofiary do puszek z\u00a0przeznaczeniem na wsparcie misyjnej dzia\u0142alno\u015bci stowarzyszenia. B\u0119dzie te\u017c mo\u017cliwo\u015b\u0107 zakupu r\u00f3\u017cnego rodzaju materia\u0142\u00f3w i pami\u0105tek misyjnych.<\/li>\n<li>Jutro w poniedzia\u0142ek \u015awi\u0119to NMP Matki Ko\u015bcio\u0142a. Msze \u015bw. tylko w ko\u015bciele Farnym o\u00a0godz. <strong>30, 7.00, 8.30, 10.00, 16.00 i 18.00<\/strong>. Mimo, \u017ce jest to dzie\u0144 pracy, zapraszamy do jak najliczniejszego udzia\u0142u we Mszy \u015bw. i uczczenia Matki Naj\u015bwi\u0119tszej.<\/li>\n<li>Jutro po Mszy \u015bw. wieczornej spotkanie <strong>R\u00f3\u017c \u017bywego R\u00f3\u017ca\u0144ca, Apostolskiego Dzie\u0142a Pomocy dla Czy\u015b\u0107ca oraz Dzie\u0142o Pomocy Powo\u0142aniom<\/strong>.<\/li>\n<li>Spotkanie<strong> Stra\u017cy Honorowej NSPJ <\/strong>we wtorek po Mszy \u015bw. wieczornej.<\/li>\n<li>Tak\u017ce we wtorek o godz. 15.30 zbi\u00f3rka wszystkich <strong>kandydat\u00f3w,<\/strong> <strong>ministrant\u00f3w i\u00a0lektor\u00f3w<\/strong>. Obecno\u015b\u0107 obowi\u0105zkowa.<\/li>\n<li>W \u015brod\u0119 spotkanie <strong>Wsp\u00f3lnoty Szkaplerza \u015awi\u0119tego.<\/strong><\/li>\n<li>W czwartek <strong>\u015bwi\u0119to Jezusa Chrystusa Najwy\u017cszego i Wiecznego Kap\u0142ana<\/strong>, b\u0119d\u0105ce okazj\u0105 do szczeg\u00f3lnej modlitwy za kap\u0142an\u00f3w i o nowe powo\u0142ania do s\u0142u\u017cby kap\u0142a\u0144skiej.<\/li>\n<li>Od wielu lat w Cha\u0142upkach D\u0119bnia\u0144skich i Grodzisku Dolnym odbywa\u0142 si\u0119 <strong>Regionalny Kongres Misyjny<\/strong>. W tym roku XI ju\u017c kongres rozpacznie si\u0119 w najbli\u017cszy <strong>pi\u0105tek 9\u00a0czerwca w Le\u017cajsku w naszej Farze<\/strong>. Zapraszamy wi\u0119c wszystkich w pi\u0105tek na Msz\u0119 \u015bw. o godz. 18.00 z udzia\u0142em misjonarzy i wolontariuszy. Po Mszy \u015bw. \u015bwiadectwa misjonarzy i adoracja Naj\u015bwi\u0119tszego Sakramentu a wszystko zako\u0144czy si\u0119 Apelem Jasnog\u00f3rskim o godz. 21.00. Jeszcze raz serdecznie wszystkich zapraszamy. Szczeg\u00f3\u0142y na plakacie i ulotkach.<\/li>\n<li>W przysz\u0142\u0105 niedziel\u0119 <strong>Uroczysto\u015b\u0107 Tr\u00f3jcy Przenaj\u015bwi\u0119tszej &#8211; dzie\u0144 naszego Odpustu Parafialnego.<\/strong> Wszystkich Parafian jak i Go\u015bci zapraszamy do udzia\u0142u w tej dorocznej uroczysto\u015bci. <strong>Suma odpustowa, zostanie odprawiona o godz. 11.30 a przewodniczy\u0142 jej b\u0119dzie i wyg\u0142osi S\u0142owo Bo\u017ce nasz rodak J.E ks. bp Ignacy Dec. <\/strong>Zadbajmy, aby uroczysto\u015b\u0107 odpustowa by\u0142a po\u0142\u0105czona z\u00a0przyj\u0119ciem Komunii \u015bw. i zyskaniem odpustu po uprzedniej spowiedzi \u015bw., z\u00a0kt\u00f3rej b\u0119dzie mo\u017cna skorzysta\u0107 w\u00a0ci\u0105gu tygodnia b\u0105d\u017a w\u00a0sobot\u0119 od godz. 17.30. Szczeg\u00f3lne zaproszenie do udzia\u0142u w\u00a0sumie odpustowej kierujemy do wszystkich grup apostolskich i\u00a0modlitewnych a\u00a0tak\u017ce do dzieci, kt\u00f3re w\u00a0strojach komunijnych u\u015bwietni\u0105 procesj\u0119 eucharystyczn\u0105 sypaniem kwiat\u00f3w i\u00a0dzwonieniem. Przez ca\u0142\u0105 niedziel\u0119 odpustow\u0105 b\u0119dziemy te\u017c go\u015bci\u0107 <strong>Tadeusza Skotnickiego<\/strong>, kt\u00f3ry swoj\u0105 muzyk\u0105 i \u015bpiewem pomo\u017ce nam uwielbi\u0107 Tr\u00f3jc\u0119 Przenaj\u015bwi\u0119tsz\u0105.<\/li>\n<li>Za tydzie\u0144 <strong>ko\u0144czy si\u0119 okres wielkanocny<\/strong> i czas spowiedzi wielkanocnej.<\/li>\n<li>Ci\u0105gle s\u0105 jeszcze wolne miejsca na pielgrzymk\u0119 organizowan\u0105 przez nasz <strong>Parafialny Oddzia\u0142 Akcji Katolickiej<\/strong> do Sanktuarium MB Fatimskiej na Krzept\u00f3wkach w\u00a0Zakopanem w\u00a0dniu 6 czerwca br. na og\u00f3lnopolskie uroczysto\u015bci ponowienia przez Episkopat Polski <strong>Aktu Po\u015bwi\u0119cenia naszej Ojczyzny Niepokalanemu Sercu NMP<\/strong>. Zapisy w Siewcy. Wyjazd we wtorek z parkingu przy ko\u015bciele o godz. 5.00.<\/li>\n<li>Dzisiejsza taca mszalna jest przeznaczona na <strong>potrzeby Seminarium Duchownego w\u00a0Przemy\u015blu<\/strong> za\u015b taca z\u00a0przysz\u0142ej II\u00a0niedzieli miesi\u0105ca, b\u0119dzie przeznaczona <strong>na trwaj\u0105ce prace remontowe przy naszej parafii<\/strong>. W\u00a0czasie ostatniej zbi\u00f3rki ofiar z\u00a0przeznaczeniem na ten cel, zebrano \u0142\u0105cznie z wp\u0142atami na konto, <strong>kwot\u0119 22 030 z\u0142.<\/strong> W\u00a0t\u0119 kwot\u0119 jest ju\u017c wliczona m.in. indywidualna ofiara w wysoko\u015bci 1 ty\u015b $, za kt\u00f3r\u0105 hojnej ofiarodawczyni szczeg\u00f3lnie jako wsp\u00f3lnota parafialna dzi\u0119kujemy. Tym samym, na naszym koncie inwestycyjnym mamy kwot\u0119 <strong>265,5 ty\u015b. z\u0142. <\/strong>Wszystkim ofiarodawcom sk\u0142adamy jeszcze raz serdeczne podzi\u0119kowanie.<\/li>\n<li>Dzi\u0119kujemy te\u017c <strong>Siostrom z R\u00f3\u017cy b\u0142. Anieli Salawy<\/strong> za ufundowanie pi\u0119knego maryjnego ornatu. Zostanie on po\u015bwi\u0119cony w czasie najbli\u017cszego Nabo\u017ce\u0144stwa Fatimskiego.<\/li>\n<li><strong>W Siewcy<\/strong> do nabycia prasa i publikacje katolickie.<\/li>\n<\/ol>\n<p><strong><u>Intencje zbiorowe: <\/u><\/strong><\/p>\n<ul>\n<li>Z intencji Bractwa Szkaplerza \u015awi\u0119tego \u2013 poniedzia\u0142ek, godz. 18.00.<\/li>\n<li>Za \u015bp. Stanis\u0142awa \u017baka \u2013 intencja od s\u0105siad\u00f3w z ul. Kopernika 5 \u2013 wtorek, godz. 18.00 i\u00a0niedziela, godz. 10.00.<\/li>\n<li>W intencji nowennowych pr\u00f3\u015bb i podzi\u0119kowa\u0144 do MB Pocieszenia \u2013 \u015broda, godz. 18.00.<\/li>\n<li>Za \u015bp. Ann\u0119 Kwieci\u0144sk\u0105 \u2013 intencja od wsp\u00f3\u0142pracownik\u00f3w z Hortino \u2013 czwartek, godz. 18.00.<\/li>\n<li>Za \u015bp. Krystyn\u0119 Rajnowsk\u0105 \u2013 intencja od koleg\u00f3w z Liceum ks. Bartosza \u2013 pi\u0105tek, godz. 18.00.<\/li>\n<li>Z intencji Ko\u0142a Przyjaci\u00f3\u0142 Radia Maryja \u2013 pi\u0105tek, godz. 18.00.<\/li>\n<\/ul>\n","protected":false},"excerpt":{"rendered":"<p>Z racji dzisiejszej uroczysto\u015bci, ka\u017cdy kto pobo\u017cnie i publicznie odm\u00f3wi dzi\u015b hymn \u201eO\u00a0Stworzycielu Duchu przyjd\u017a\u2026\u201d, mo\u017ce zyska\u0107 odpust zupe\u0142ny pod zwyk\u0142ymi warunkami. Dzi\u015b tak\u017ce kolejny Wiecz\u00f3r Uwielbienia, kt\u00f3ry rozpocznie sie po Mszy \u015bw. wieczornej oko\u0142o godz. 19.00. B\u0119dziemy modli\u0107 si\u0119 o osobiste do\u015bwiadczenie \u0142aski chrztu w Duchu \u015awi\u0119tym wraz z\u00a0indywidualn\u0105 modlitw\u0105 wstawiennicz\u0105. Serdecznie zapraszamy wszystkich [&hellip;]<\/p>\n","protected":false},"author":4,"featured_media":0,"comment_status":"closed","ping_status":"open","sticky":false,"template":"","format":"standard","meta":[],"categories":[5],"tags":[],"_links":{"self":[{"href":"https:\/\/lezajsk.przemyska.pl\/index.php?rest_route=\/wp\/v2\/posts\/3392"}],"collection":[{"href":"https:\/\/lezajsk.przemyska.pl\/index.php?rest_route=\/wp\/v2\/posts"}],"about":[{"href":"https:\/\/lezajsk.przemyska.pl\/index.php?rest_route=\/wp\/v2\/types\/post"}],"author":[{"embeddable":true,"href":"https:\/\/lezajsk.przemyska.pl\/index.php?rest_route=\/wp\/v2\/users\/4"}],"replies":[{"embeddable":true,"href":"https:\/\/lezajsk.przemyska.pl\/index.php?rest_route=%2Fwp%2Fv2%2Fcomments&post=3392"}],"version-history":[{"count":1,"href":"https:\/\/lezajsk.przemyska.pl\/index.php?rest_route=\/wp\/v2\/posts\/3392\/revisions"}],"predecessor-version":[{"id":3393,"href":"https:\/\/lezajsk.przemyska.pl\/index.php?rest_route=\/wp\/v2\/posts\/3392\/revisions\/3393"}],"wp:attachment":[{"href":"https:\/\/lezajsk.przemyska.pl\/index.php?rest_route=%2Fwp%2Fv2%2Fmedia&parent=3392"}],"wp:term":[{"taxonomy":"category","embeddable":true,"href":"https:\/\/lezajsk.przemyska.pl\/index.php?rest_route=%2Fwp%2Fv2%2Fcategories&post=3392"},{"taxonomy":"post_tag","embeddable":true,"href":"https:\/\/lezajsk.przemyska.pl\/index.php?rest_route=%2Fwp%2Fv2%2Ftags&post=3392"}],"curies":[{"name":"wp","href":"https:\/\/api.w.org\/{rel}","templated":true}]}}