
{"id":3388,"date":"2017-05-31T13:24:51","date_gmt":"2017-05-31T11:24:51","guid":{"rendered":"http:\/\/lezajsk.przemyska.pl\/?p=3388"},"modified":"2017-05-31T13:26:31","modified_gmt":"2017-05-31T11:26:31","slug":"pierwszy-piatek-miesiaca","status":"publish","type":"post","link":"https:\/\/lezajsk.przemyska.pl\/?p=3388","title":{"rendered":"PIERWSZY PI\u0104TEK MIESI\u0104CA."},"content":{"rendered":"<p>Spowied\u017a z racji pierwszego pi\u0105tku w naszej parafii od godz. 17.00. Zapraszamy szczeg\u00f3lnie dzieci i m\u0142odzie\u017c. Przypominamy r\u00f3wnie\u017c, \u017ce dla m\u0142odzie\u017cy przygotowuj\u0105cej si\u0119 do sakramentu bierzmowania nabo\u017ce\u0144stwa pierwszych pi\u0105tk\u00f3w miesi\u0105ca s\u0105 obowi\u0105zkowym elementem formacji.<\/p>\n","protected":false},"excerpt":{"rendered":"<p>Spowied\u017a z racji pierwszego pi\u0105tku w naszej parafii od godz. 17.00. Zapraszamy szczeg\u00f3lnie dzieci i m\u0142odzie\u017c. Przypominamy r\u00f3wnie\u017c, \u017ce dla m\u0142odzie\u017cy przygotowuj\u0105cej si\u0119 do sakramentu bierzmowania nabo\u017ce\u0144stwa pierwszych pi\u0105tk\u00f3w miesi\u0105ca s\u0105 obowi\u0105zkowym elementem formacji.<\/p>\n","protected":false},"author":5,"featured_media":3389,"comment_status":"closed","ping_status":"open","sticky":false,"template":"","format":"standard","meta":[],"categories":[4],"tags":[],"_links":{"self":[{"href":"https:\/\/lezajsk.przemyska.pl\/index.php?rest_route=\/wp\/v2\/posts\/3388"}],"collection":[{"href":"https:\/\/lezajsk.przemyska.pl\/index.php?rest_route=\/wp\/v2\/posts"}],"about":[{"href":"https:\/\/lezajsk.przemyska.pl\/index.php?rest_route=\/wp\/v2\/types\/post"}],"author":[{"embeddable":true,"href":"https:\/\/lezajsk.przemyska.pl\/index.php?rest_route=\/wp\/v2\/users\/5"}],"replies":[{"embeddable":true,"href":"https:\/\/lezajsk.przemyska.pl\/index.php?rest_route=%2Fwp%2Fv2%2Fcomments&post=3388"}],"version-history":[{"count":1,"href":"https:\/\/lezajsk.przemyska.pl\/index.php?rest_route=\/wp\/v2\/posts\/3388\/revisions"}],"predecessor-version":[{"id":3390,"href":"https:\/\/lezajsk.przemyska.pl\/index.php?rest_route=\/wp\/v2\/posts\/3388\/revisions\/3390"}],"wp:featuredmedia":[{"embeddable":true,"href":"https:\/\/lezajsk.przemyska.pl\/index.php?rest_route=\/wp\/v2\/media\/3389"}],"wp:attachment":[{"href":"https:\/\/lezajsk.przemyska.pl\/index.php?rest_route=%2Fwp%2Fv2%2Fmedia&parent=3388"}],"wp:term":[{"taxonomy":"category","embeddable":true,"href":"https:\/\/lezajsk.przemyska.pl\/index.php?rest_route=%2Fwp%2Fv2%2Fcategories&post=3388"},{"taxonomy":"post_tag","embeddable":true,"href":"https:\/\/lezajsk.przemyska.pl\/index.php?rest_route=%2Fwp%2Fv2%2Ftags&post=3388"}],"curies":[{"name":"wp","href":"https:\/\/api.w.org\/{rel}","templated":true}]}}