
{"id":3278,"date":"2017-05-27T23:33:10","date_gmt":"2017-05-27T21:33:10","guid":{"rendered":"http:\/\/lezajsk.przemyska.pl\/?p=3278"},"modified":"2017-05-28T11:09:36","modified_gmt":"2017-05-28T09:09:36","slug":"wniebowstapienie-panskie-28-05-2017-r","status":"publish","type":"post","link":"https:\/\/lezajsk.przemyska.pl\/?p=3278","title":{"rendered":"Wniebowst\u0105pienie Pa\u0144skie (28.05.2017 r.)"},"content":{"rendered":"<ol>\n<li><strong>Nabo\u017ce\u0144stwo majowe<\/strong> po\u0142\u0105czone z nowenn\u0105 przed <strong>Uroczysto\u015bci\u0105 Zes\u0142ania Ducha \u015awi\u0119tego<\/strong> dzi\u015b o godz.17.30. W ci\u0105gu tygodnia nabo\u017ce\u0144stwo po\u0142\u0105czone z nowenn\u0105 codziennie o godz. 18.00. Serdecznie zapraszamy dzi\u015b jak i\u00a0w\u00a0tygodniu.<\/li>\n<li>Tak\u017ce dzi\u015b <strong>28 maja, przypada kolejna 74 rocznica pacyfikacji naszego Miasta w\u00a01943 roku<\/strong>. O godz. <strong>11.30<\/strong> <strong>Msza \u015bw. <\/strong>w intencji wszystkich ofiar tej\u017ce pacyfikacji. Po Mszy \u015bw. przej\u015bcie pod pomnik przy ul. 28 Maja. Tam b\u0119dziemy uczestniczy\u0107 w apelu poleg\u0142ych, z\u0142o\u017ceniu wie\u0144c\u00f3w i\u00a0modlitwie, kt\u00f3ra zako\u0144czy si\u0119 b\u0142ogos\u0142awie\u0144stwem wszystkich zebranych. Uroczysto\u015b\u0107 u\u015bwietni orkiestra reprezentacyjna Oddzia\u0142u Kawalerii Ochotniczej 20 Pu\u0142ku U\u0142an\u00f3w im. Kr\u00f3la Jana III Sobieskiego.<\/li>\n<li>Dzisiaj w naszej Archidiecezji<strong> \u015bwi\u0119cenia diakonatu<\/strong> za\u015b w najbli\u017csz\u0105 sobot\u0119<strong> \u015bwi\u0119cenia kap\u0142a\u0144skie<\/strong> w Archikatedrze. Wszystkich przysz\u0142ych diakon\u00f3w jak i kap\u0142an\u00f3w wspierajmy nasz\u0105 modlitw\u0105.<\/li>\n<li>We wtorek 30 maja, Duszpasterstwo Nauczycieli przy naszej parafii zaprasza na\u00a0Msz\u0119 \u015bw. o godz. 18.00 a po niej spotkanie na plebani.<\/li>\n<li>W \u015brod\u0119 <strong>zako\u0144czenie nabo\u017ce\u0144stw majowych<\/strong> a w czwartek rozpoczniemy nabo\u017ce\u0144stwa czerwcowe ku czci <strong>Naj\u015bwi\u0119tszego Serca Pana Jezusa<\/strong>. W tygodniu b\u0119d\u0105 si\u0119 one rozpoczyna\u0107 o godz. 18.00 a po nim Msza \u015bw.<\/li>\n<li>W tam tygodniu przypada <strong>I czwartek, I pi\u0105tek i I sobota miesi\u0105ca<\/strong>. Adoracja Naj\u015bwi\u0119tszego Sakramentu po Mszy \u015bw. w czwartek i pi\u0105tek do godz. 20.00. Spowied\u017a w\u00a0pi\u0105tek od godz. 17.00.<\/li>\n<li>Tak\u017ce w pi\u0105tek <strong>odwiedziny chorych w domach z Komuni\u0105 \u015bw<\/strong>. z jednym wyj\u0105tkiem; <strong> Dariusz odwiedzi swoich chorych w \u015brod\u0119 31 maja<\/strong> od godz. 15.00. Prosimy o\u00a0przekazanie tej informacji zainteresowanym chorym.<\/li>\n<li>W sobot\u0119 na godz. 17.00 zapraszamy na kolejne <strong>nabo\u017ce\u0144stwo wynagradzaj\u0105ce Niepokalanemu Sercu NMP z racji I soboty<\/strong>, po\u0142\u0105czone z modlitw\u0105 r\u00f3\u017ca\u0144cow\u0105 i\u00a0litani\u0105 do Serca Jezusowego.<\/li>\n<li>W przysz\u0142\u0105 niedziel\u0119 b\u0119dziemy obchodzi\u0107 <strong>Uroczysto\u015b\u0107 Zes\u0142ania Ducha \u015awi\u0119tego<\/strong>. Niedziela ta b\u0119dzie dla nas swoistego rodzaju niedziel\u0105 misyjn\u0105, albowiem b\u0119dziemy go\u015bci\u0107 w naszej parafii <strong> Krzysztofa Pachuta ze Stowarzyszenia Misji Afryka\u0144skich<\/strong> wraz z\u00a0wolontariuszami. Po Mszy \u015bw. b\u0119d\u0105 oni zbiera\u0107 dowolne ofiary do puszek z\u00a0przeznaczeniem na wsparcie misyjnej dzia\u0142alno\u015bci stowarzyszenia. B\u0119dzie te\u017c mo\u017cliwo\u015b\u0107 zakupu r\u00f3\u017cnego rodzaju materia\u0142\u00f3w i pami\u0105tek misyjnych.<\/li>\n<li>Tak\u017ce w Uroczysto\u015b\u0107 Zes\u0142ania Ducha \u015awi\u0119tego, zapraszamy wszystkich parafian na kolejny <strong>Wiecz\u00f3r Uwielbienia po Mszy \u015bw. wieczornej<\/strong>, podczas kt\u00f3rego b\u0119dziemy modli\u0107 si\u0119 o osobiste do\u015bwiadczenie \u0142aski <strong>chrztu w Duchu \u015awi\u0119tym<\/strong> wraz z\u00a0indywidualn\u0105 modlitw\u0105 wstawiennicz\u0105.<\/li>\n<li>S\u0105 jeszcze wolne miejsca na pielgrzymk\u0119 organizowan\u0105 przez nasz <strong>Parafialny Oddzia\u0142 Akcji Katolickiej<\/strong> do Sanktuarium MB Fatimskiej na Krzept\u00f3wkach w Zakopanem w\u00a0dniu 6 czerwca br. na og\u00f3lnopolskie uroczysto\u015bci ponowienia przez Episkopat Polski <strong>Aktu Po\u015bwi\u0119cenia naszej Ojczyzny Niepokalanemu Sercu NMP<\/strong>. Zapisy w Siewcy.<\/li>\n<li><strong>W Siewcy<\/strong> do nabycia prasa i publikacje katolickie. Przed ko\u015bcio\u0142em z r\u0105k ministrant\u00f3w mo\u017cna sobie odebra\u0107 kolejny, darmowy numer <strong>Dobrych Nowin<\/strong>.<\/li>\n<li><strong>Zaproszenia:<\/strong> Muzeum Ziemi Le\u017cajskiej zaprasza najpierw na godz. 17.00, na prezentacj\u0119 koncepcji zagospodarowania miejsca strace\u0144 przy ul. 28 maja oraz projekcj\u0119 filmu \u201eLe\u017cajskie piek\u0142o 1943\u201d za\u015b p\u00f3\u017aniej na godz. 19.00, na wsp\u00f3lne \u015bpiewanie pie\u015bni maryjnych przy akompaniamencie p. Zdzis\u0142awa Zawilskiego.<\/li>\n<\/ol>\n<p><strong><u>Intencje zbiorowe: <\/u><\/strong><\/p>\n<ul>\n<li>Za \u015bp. Ann\u0119 Kwieci\u0144sk\u0105 \u2013 intencja od wsp\u00f3\u0142pracownik\u00f3w z Hortino \u2013 poniedzia\u0142ek, godz. 6.30.<\/li>\n<li>Za \u015bp. Karola Wi\u0119c\u0142awa \u2013 intencja od dyrekcji i pracownik\u00f3w Zespo\u0142u Szk\u00f3\u0142 w Grodzisku Dolnym \u2013 poniedzia\u0142ek, godz. 18.00.<\/li>\n<li>Za \u015bp. Stanis\u0142awa Kucharskiego \u2013 intencja od pracownik\u00f3w PZU Le\u017cajsk \u2013 \u015broda, godz. 6.30 i czwartek, godz. 18.00.<\/li>\n<li>W intencji nowennowych pr\u00f3\u015bb i podzi\u0119kowa\u0144 do MB Pocieszenia \u2013 \u015broda, godz. 18.00.<\/li>\n<li>Z intencji Bractwa Szkaplerza \u015awi\u0119tego \u2013 \u015broda i sobota, godz. 18.00.<\/li>\n<li>Msze gregoria\u0144skie za \u015bp. Juli\u0119 Gdul\u0119, pocz\u0105tek &#8211; czwartek, godz. 6.30.<\/li>\n<li>Msze gregoria\u0144skie za \u015bp. Emili\u0119 Rejman, pocz\u0105tek &#8211; czwartek, godz. 6.30.<\/li>\n<li>Msze gregoria\u0144skie za \u015bp. Micha\u0142a Szabat, pocz\u0105tek &#8211; czwartek, godz. 18., (b\u0119d\u0105 odprawiane poza parafi\u0105).<\/li>\n<li>Za \u015bp. Leokadi\u0119 Krawczyk \u2013 intencja od Kr\u0119gu Domowego Ko\u015bcio\u0142a \u2013 czwartek, godz. 18.00.<\/li>\n<li>Za \u015bp. Ann\u0119 Wa\u0144 &#8211; Turek \u2013 intencja od pracownik\u00f3w firmy \u201eJarda\u201d \u2013 pi\u0105tek, godz. 7.00.<\/li>\n<li>Z intencji Stra\u017cy Honorowej NSPJ \u2013 pi\u0105tek, godz. 18.00.<\/li>\n<li>Z R\u00f3\u017cy \u015bw. Sebastiana \u2013 niedziela, godz. 8.30.<\/li>\n<li>Z R\u00f3\u017cy \u015bw. Bernadetty \u2013 niedziela, godz. 10.00.<\/li>\n<\/ul>\n<p>W ostatnim tygodniu odesz\u0142y od nas do wieczno\u015bci <strong>\u015bp.<\/strong> <strong>Anna Przesz\u0142o <\/strong>z\u00a0ul. Kopernika, <strong>Helena Romanowska<\/strong> z ul. M.C. Sk\u0142odowskiej i <strong>Helena Kulpa<\/strong> z ul. Reymonta \u2013 wieczny odpoczynek \u2026<\/p>\n","protected":false},"excerpt":{"rendered":"<p>Nabo\u017ce\u0144stwo majowe po\u0142\u0105czone z nowenn\u0105 przed Uroczysto\u015bci\u0105 Zes\u0142ania Ducha \u015awi\u0119tego dzi\u015b o godz.17.30. W ci\u0105gu tygodnia nabo\u017ce\u0144stwo po\u0142\u0105czone z nowenn\u0105 codziennie o godz. 18.00. Serdecznie zapraszamy dzi\u015b jak i\u00a0w\u00a0tygodniu. Tak\u017ce dzi\u015b 28 maja, przypada kolejna 74 rocznica pacyfikacji naszego Miasta w\u00a01943 roku. O godz. 11.30 Msza \u015bw. w intencji wszystkich ofiar tej\u017ce pacyfikacji. Po Mszy [&hellip;]<\/p>\n","protected":false},"author":4,"featured_media":0,"comment_status":"closed","ping_status":"open","sticky":false,"template":"","format":"standard","meta":[],"categories":[5],"tags":[],"_links":{"self":[{"href":"https:\/\/lezajsk.przemyska.pl\/index.php?rest_route=\/wp\/v2\/posts\/3278"}],"collection":[{"href":"https:\/\/lezajsk.przemyska.pl\/index.php?rest_route=\/wp\/v2\/posts"}],"about":[{"href":"https:\/\/lezajsk.przemyska.pl\/index.php?rest_route=\/wp\/v2\/types\/post"}],"author":[{"embeddable":true,"href":"https:\/\/lezajsk.przemyska.pl\/index.php?rest_route=\/wp\/v2\/users\/4"}],"replies":[{"embeddable":true,"href":"https:\/\/lezajsk.przemyska.pl\/index.php?rest_route=%2Fwp%2Fv2%2Fcomments&post=3278"}],"version-history":[{"count":2,"href":"https:\/\/lezajsk.przemyska.pl\/index.php?rest_route=\/wp\/v2\/posts\/3278\/revisions"}],"predecessor-version":[{"id":3280,"href":"https:\/\/lezajsk.przemyska.pl\/index.php?rest_route=\/wp\/v2\/posts\/3278\/revisions\/3280"}],"wp:attachment":[{"href":"https:\/\/lezajsk.przemyska.pl\/index.php?rest_route=%2Fwp%2Fv2%2Fmedia&parent=3278"}],"wp:term":[{"taxonomy":"category","embeddable":true,"href":"https:\/\/lezajsk.przemyska.pl\/index.php?rest_route=%2Fwp%2Fv2%2Fcategories&post=3278"},{"taxonomy":"post_tag","embeddable":true,"href":"https:\/\/lezajsk.przemyska.pl\/index.php?rest_route=%2Fwp%2Fv2%2Ftags&post=3278"}],"curies":[{"name":"wp","href":"https:\/\/api.w.org\/{rel}","templated":true}]}}