
{"id":3181,"date":"2017-05-20T23:23:59","date_gmt":"2017-05-20T21:23:59","guid":{"rendered":"http:\/\/lezajsk.przemyska.pl\/?p=3181"},"modified":"2017-05-20T23:23:59","modified_gmt":"2017-05-20T21:23:59","slug":"vi-niedziela-wielkanocna-21-05-2017-r","status":"publish","type":"post","link":"https:\/\/lezajsk.przemyska.pl\/?p=3181","title":{"rendered":"VI Niedziela Wielkanocna (21.05.2017 r.)"},"content":{"rendered":"<ol>\n<li>Dzi\u015b <strong>nabo\u017ce\u0144stwa majowe o godz. 17.30<\/strong>. W ci\u0105gu tygodnia nabo\u017ce\u0144stwa rozpoczynaj\u0105 si\u0119 o godz. 18.00 litani\u0105 do MB a po niej Msza \u015bw. wieczorna. Wszystkich czcicieli Matki Bo\u017cej jeszcze raz zapraszamy do licznego udzia\u0142u w tych\u017ce nabo\u017ce\u0144stwach.<\/li>\n<li>Tak\u017ce dzi\u015b po Mszy \u015bw. o godz. 16.00 <strong>spotkanie uczestnik\u00f3w Pielgrzymki do Ziemi \u015awi\u0119tej.<\/strong><\/li>\n<li>Od pi\u0105tku rozpoczniemy <strong>nowenn\u0119 przed Uroczysto\u015bci\u0105 Zes\u0142ania Ducha \u015awi\u0119tego<\/strong>.<\/li>\n<li>Tak\u017ce w pi\u0105tek 26 maja przypada <strong>Dzie\u0144 Matki<\/strong>. Z tej okazji pami\u0119tajmy w modlitwie o\u00a0naszych mamach, zar\u00f3wno \u017cyj\u0105cych jak i zmar\u0142ych.<\/li>\n<li>W sobot\u0119 nasza m\u0142odzie\u017c oazowa i mieszka\u0144cy ul. Moniuszki i s\u0105siednich, zapraszaj\u0105 na <strong>maj\u00f3wk\u0119 przy kapliczce<\/strong> na\u00a0godz. 19.00.<\/li>\n<li>W przysz\u0142\u0105 niedziel\u0119 b\u0119dziemy obchodzi\u0107 <strong>Uroczysto\u015b\u0107 Wniebowst\u0105pienia Pa\u0144skiego. <\/strong>Jest to dzie\u0144 udzielania \u015bwi\u0119ce\u0144 diakonatu w naszej Archidiecezji.<\/li>\n<li>Tak\u017ce za tydzie\u0144 w niedziel\u0119 <strong>28 maja, przypada kolejna 74 rocznica pacyfikacji naszego Miasta w 1943 roku<\/strong>. Zatem w imieniu parafii, Urz\u0119du Miasta i rodzin os\u00f3b pomordowanych zapraszamy wszystkich mieszka\u0144c\u00f3w Le\u017cajska na <strong>Msz\u0119 \u015bw. o godz. 11.30<\/strong> w intencji wszystkich ofiar tej\u017ce pacyfikacji. Po Mszy \u015bw. przej\u015bcie pod pomnik przy ul. 28 Maja. Tam b\u0119dziemy uczestniczy\u0107 w apelu poleg\u0142ych, z\u0142o\u017ceniu wie\u0144c\u00f3w i\u00a0modlitwie, kt\u00f3ra zako\u0144czy si\u0119 b\u0142ogos\u0142awie\u0144stwem wszystkich zebranych. Uroczysto\u015b\u0107 u\u015bwietni orkiestra reprezentacyjna Oddzia\u0142u Kawalerii Ochotniczej 20 Pu\u0142ku U\u0142an\u00f3w im. Kr\u00f3la Jana III Sobieskiego. Serdecznie zapraszamy.<\/li>\n<li>Dzisiejsza taca mszalna jest przeznaczona na <strong>Diecezjalny Fundusz Pomocy Parafiom Potrzebuj\u0105cym<\/strong>.<\/li>\n<li>Nasz <strong>Parafialny Oddzia\u0142 Akcji Katolickiej<\/strong> zaprasza do udzia\u0142u w pielgrzymce do Sanktuarium MB Fatimskiej na Krzept\u00f3wkach w Zakopanem w dniu 6 czerwca br. Okazj\u0105 s\u0105 og\u00f3lnopolskie uroczysto\u015bci ponowienia przez Episkopat Polski <strong>Aktu Po\u015bwi\u0119cenia naszej Ojczyzny Niepokalanemu Sercu NMP<\/strong>. Zapisy w zakrystii.<\/li>\n<li>Jak zauwa\u017cyli\u015bmy rozpocz\u0119\u0142y si\u0119 <strong>prace konserwatorskie zwi\u0105zane z odtworzeniem polichromii w nawie bocznej naszej Fary<\/strong>. Prace zgodnie z umow\u0105 powinny zako\u0144czy\u0107 si\u0119 do ko\u0144ca wrze\u015bnia.<\/li>\n<li><strong>W Siewcy<\/strong> do nabycia prasa i publikacje katolickie.<\/li>\n<\/ol>\n<p><strong><u>Intencje zbiorowe: <\/u><\/strong><\/p>\n<ul>\n<li>Za \u015bp. Karola Wi\u0119c\u0142awa \u2013 intencja od uczni\u00f3w Zespo\u0142u Szk\u00f3\u0142 w Grodzisku Dolnym \u2013 poniedzia\u0142ek, godz. 6.30 i od emerytowanych nauczycieli z Grodziska Dolnego \u2013 czwartek, godz. 18.00.<\/li>\n<li>Za \u015bp. Leokadi\u0119 Krawczyk \u2013 intencja od spo\u0142eczno\u015bci \u015arodowiskowego Domu Samopomocy w Jelnej \u2013 wtorek, godz. 18.00 i czwartek, godz. 7.00 i od s\u0105siad\u00f3w z ul. Sandomierskiej \u2013 sobota, godz. 18.00.<\/li>\n<li>W intencji nowennowych pr\u00f3\u015bb i podzi\u0119kowa\u0144 do MB Pocieszenia \u2013 \u015broda, godz. 18.00.<\/li>\n<li>Z intencji Bractwa Szkaplerza \u015awi\u0119tego \u2013 \u015broda, godz. 18.00.<\/li>\n<li>Za \u015bp. Stanis\u0142awa Kucharskiego \u2013 intencja od s\u0105siad\u00f3w z klatki \u2013 czwartek, godz. 6.30.<\/li>\n<li>Za \u015bp. Mari\u0119 Zab\u0142otni\u0105 \u2013 intencja od kole\u017canek \u2013 niedziela, godz. 16.00.<\/li>\n<\/ul>\n<p>W ostatnim tygodniu odszed\u0142 od nas do wieczno\u015bci <strong>\u015bp. Krzysztof Typrowicz<\/strong> z ul. Kopernika \u2013 wieczny odpoczynek\u2026<\/p>\n","protected":false},"excerpt":{"rendered":"<p>Dzi\u015b nabo\u017ce\u0144stwa majowe o godz. 17.30. W ci\u0105gu tygodnia nabo\u017ce\u0144stwa rozpoczynaj\u0105 si\u0119 o godz. 18.00 litani\u0105 do MB a po niej Msza \u015bw. wieczorna. Wszystkich czcicieli Matki Bo\u017cej jeszcze raz zapraszamy do licznego udzia\u0142u w tych\u017ce nabo\u017ce\u0144stwach. Tak\u017ce dzi\u015b po Mszy \u015bw. o godz. 16.00 spotkanie uczestnik\u00f3w Pielgrzymki do Ziemi \u015awi\u0119tej. Od pi\u0105tku rozpoczniemy nowenn\u0119 [&hellip;]<\/p>\n","protected":false},"author":4,"featured_media":0,"comment_status":"closed","ping_status":"open","sticky":false,"template":"","format":"standard","meta":[],"categories":[5],"tags":[],"_links":{"self":[{"href":"https:\/\/lezajsk.przemyska.pl\/index.php?rest_route=\/wp\/v2\/posts\/3181"}],"collection":[{"href":"https:\/\/lezajsk.przemyska.pl\/index.php?rest_route=\/wp\/v2\/posts"}],"about":[{"href":"https:\/\/lezajsk.przemyska.pl\/index.php?rest_route=\/wp\/v2\/types\/post"}],"author":[{"embeddable":true,"href":"https:\/\/lezajsk.przemyska.pl\/index.php?rest_route=\/wp\/v2\/users\/4"}],"replies":[{"embeddable":true,"href":"https:\/\/lezajsk.przemyska.pl\/index.php?rest_route=%2Fwp%2Fv2%2Fcomments&post=3181"}],"version-history":[{"count":1,"href":"https:\/\/lezajsk.przemyska.pl\/index.php?rest_route=\/wp\/v2\/posts\/3181\/revisions"}],"predecessor-version":[{"id":3182,"href":"https:\/\/lezajsk.przemyska.pl\/index.php?rest_route=\/wp\/v2\/posts\/3181\/revisions\/3182"}],"wp:attachment":[{"href":"https:\/\/lezajsk.przemyska.pl\/index.php?rest_route=%2Fwp%2Fv2%2Fmedia&parent=3181"}],"wp:term":[{"taxonomy":"category","embeddable":true,"href":"https:\/\/lezajsk.przemyska.pl\/index.php?rest_route=%2Fwp%2Fv2%2Fcategories&post=3181"},{"taxonomy":"post_tag","embeddable":true,"href":"https:\/\/lezajsk.przemyska.pl\/index.php?rest_route=%2Fwp%2Fv2%2Ftags&post=3181"}],"curies":[{"name":"wp","href":"https:\/\/api.w.org\/{rel}","templated":true}]}}