
{"id":3038,"date":"2017-05-12T22:18:04","date_gmt":"2017-05-12T20:18:04","guid":{"rendered":"http:\/\/lezajsk.przemyska.pl\/?p=3038"},"modified":"2017-05-12T22:18:04","modified_gmt":"2017-05-12T20:18:04","slug":"v-niedziela-wielkanocna-14-05-2017-r","status":"publish","type":"post","link":"https:\/\/lezajsk.przemyska.pl\/?p=3038","title":{"rendered":"V Niedziela wielkanocna (14.05.2017 r.)"},"content":{"rendered":"<ol>\n<li>Dzi\u015b zapraszamy jeszcze wszystkich na <strong>nabo\u017ce\u0144stwo majowe na godz. 17.30<\/strong>. Przypominamy, \u017ce ci\u0105gu tygodnia nabo\u017ce\u0144stwa rozpoczynaj\u0105 si\u0119 o godz. 18.00, litani\u0105 do MB a po niej Msza \u015bw. wieczorna.<\/li>\n<li>Jutro po Mszy \u015bw.<strong> spotkanie Akcji Katolickiej, <\/strong>na kt\u00f3re wszystkich cz\u0142onk\u00f3w, kandydat\u00f3w jak i\u00a0sympatyk\u00f3w serdecznie zapraszamy.<\/li>\n<li>We wtorek <strong>\u015bwi\u0119to \u015bw. Andrzeja Boboli<\/strong> \u2013 patrona Polski i Akcji Katolickiej.<\/li>\n<li>W tym tygodniu zapraszamy m\u0142odzie\u017c gimnazjaln\u0105 na kolejne <strong>spotkania formacyjne w ramach przygotowania do przyj\u0119cia sakramentu bierzmowania<\/strong>. I\u00a0tak klasy I \u00a0zapraszamy w\u00a0poniedzia\u0142ek a\u00a0klasy II we wtorek. Spotkania b\u0119d\u0105 si\u0119 rozpoczyna\u0107 o\u00a0godz. 16.30, w\u00a0ma\u0142ym ko\u015bciele.<\/li>\n<li>W sobot\u0119 mieszka\u0144cy ul. Sportowej i s\u0105siednich zapraszaj\u0105 na <strong>maj\u00f3wk\u0119 przy kapliczce<\/strong> obok stadionu na\u00a0godz. 19.00.<\/li>\n<li>Za tydzie\u0144 w niedziel\u0119, <strong>na Msz\u0119 \u015bw. o godz. 16.00 i spotkanie<\/strong>, zapraszamy uczestnik\u00f3w <strong>pielgrzymki do Ziemi \u015awi\u0119tej<\/strong>.<\/li>\n<li>Jak zapewne zauwa\u017cyli\u015bmy <strong>\u0142awki na zewn\u0105trz ko\u015bcio\u0142a<\/strong>, kt\u00f3rych oczywi\u015bcie sympatykami nie jeste\u015bmy (najpi\u0119kniej uczestniczy si\u0119 we Mszy \u015bw. w \u015bwi\u0105tyni), zosta\u0142y gruntownie odnowione dzi\u0119ki uprzejmo\u015bci Miejskiego Zak\u0142adu Komunalnego w Le\u017cajsku. Najpierw MZK je po\u017cyczy\u0142o na miejsk\u0105 wigili\u0119, a\u00a0nast\u0119pnie widz\u0105c, \u017ce s\u0105 w kiepskim stanie, przez zim\u0119, bezinteresownie pi\u0119knie je wyremontowali. Wszystkim, kt\u00f3rzy si\u0119 do tego przyczynili, sk\u0142adamy na r\u0119ce Pani Prezes serdeczne podzi\u0119kowanie a znakiem naszej wdzi\u0119czno\u015bci b\u0119dzie Msza \u015bw. w\u00a0intencji wszystkich pracownik\u00f3w i Zarz\u0105du, odprawiona w\u00a0najbli\u017cszy pi\u0105tek o\u00a0godz. 6.30.<\/li>\n<li>W <strong>Siewcy<\/strong> do nabycia prasa i publikacje katolickie.<\/li>\n<\/ol>\n<p><strong><u>Intencje zbiorowe: <\/u><\/strong><\/p>\n<ul>\n<li>Za \u015bp. Stanis\u0142awa \u017bak \u2013 intencja od Nadle\u015bnictwa Le\u017cajsk \u2013 poniedzia\u0142ek, godz. 6.30.<\/li>\n<li>Z R\u00f3\u017cy \u015bw. Heleny \u2013 poniedzia\u0142ek, godz. 18.00.<\/li>\n<li>Z intencji Bractwa Szkaplerza \u015awi\u0119tego \u2013 wtorek, godz. 18.00.<\/li>\n<li>Z intencji Akcji Katolickiej \u2013 wtorek, godz. 18.00.<\/li>\n<li>Za \u015bp. Jadwig\u0119 Wawrzaszek \u2013 intencja od pracownik\u00f3w firmy Rekonbud z Jas\u0142a \u2013 \u015broda, godz. 7.00.<\/li>\n<li>W intencji nowennowych pr\u00f3\u015bb i podzi\u0119kowa\u0144 do MB Pocieszenia \u2013 \u015broda, godz. 18.00.<\/li>\n<li>Za \u015bp. Marcel\u0119 Kami\u0144sk\u0105 \u2013 intencja od kole\u017canek c\u00f3rki z pracy \u2013 \u015broda, godz. 18.00.<\/li>\n<li>W intencji MZK w Le\u017cajsku \u2013 pi\u0105tek, godz. 6.30.<\/li>\n<li>Z R\u00f3\u017cy \u015bw. Jana Paw\u0142a II \u2013 sobota, godz. 18.00.<\/li>\n<li>Za \u015bp. Stanis\u0142awa Kucharskiego \u2013 intencja od s\u0105siad\u00f3w z klatki \u2013 niedziela, godz. 11.30 w MK.<\/li>\n<\/ul>\n","protected":false},"excerpt":{"rendered":"<p>Dzi\u015b zapraszamy jeszcze wszystkich na nabo\u017ce\u0144stwo majowe na godz. 17.30. Przypominamy, \u017ce ci\u0105gu tygodnia nabo\u017ce\u0144stwa rozpoczynaj\u0105 si\u0119 o godz. 18.00, litani\u0105 do MB a po niej Msza \u015bw. wieczorna. Jutro po Mszy \u015bw. spotkanie Akcji Katolickiej, na kt\u00f3re wszystkich cz\u0142onk\u00f3w, kandydat\u00f3w jak i\u00a0sympatyk\u00f3w serdecznie zapraszamy. We wtorek \u015bwi\u0119to \u015bw. Andrzeja Boboli \u2013 patrona Polski i [&hellip;]<\/p>\n","protected":false},"author":4,"featured_media":0,"comment_status":"closed","ping_status":"open","sticky":false,"template":"","format":"standard","meta":[],"categories":[5],"tags":[],"_links":{"self":[{"href":"https:\/\/lezajsk.przemyska.pl\/index.php?rest_route=\/wp\/v2\/posts\/3038"}],"collection":[{"href":"https:\/\/lezajsk.przemyska.pl\/index.php?rest_route=\/wp\/v2\/posts"}],"about":[{"href":"https:\/\/lezajsk.przemyska.pl\/index.php?rest_route=\/wp\/v2\/types\/post"}],"author":[{"embeddable":true,"href":"https:\/\/lezajsk.przemyska.pl\/index.php?rest_route=\/wp\/v2\/users\/4"}],"replies":[{"embeddable":true,"href":"https:\/\/lezajsk.przemyska.pl\/index.php?rest_route=%2Fwp%2Fv2%2Fcomments&post=3038"}],"version-history":[{"count":1,"href":"https:\/\/lezajsk.przemyska.pl\/index.php?rest_route=\/wp\/v2\/posts\/3038\/revisions"}],"predecessor-version":[{"id":3039,"href":"https:\/\/lezajsk.przemyska.pl\/index.php?rest_route=\/wp\/v2\/posts\/3038\/revisions\/3039"}],"wp:attachment":[{"href":"https:\/\/lezajsk.przemyska.pl\/index.php?rest_route=%2Fwp%2Fv2%2Fmedia&parent=3038"}],"wp:term":[{"taxonomy":"category","embeddable":true,"href":"https:\/\/lezajsk.przemyska.pl\/index.php?rest_route=%2Fwp%2Fv2%2Fcategories&post=3038"},{"taxonomy":"post_tag","embeddable":true,"href":"https:\/\/lezajsk.przemyska.pl\/index.php?rest_route=%2Fwp%2Fv2%2Ftags&post=3038"}],"curies":[{"name":"wp","href":"https:\/\/api.w.org\/{rel}","templated":true}]}}