
{"id":2923,"date":"2017-05-06T22:35:16","date_gmt":"2017-05-06T20:35:16","guid":{"rendered":"http:\/\/lezajsk.przemyska.pl\/?p=2923"},"modified":"2017-05-06T22:35:16","modified_gmt":"2017-05-06T20:35:16","slug":"iv-niedziela-wielkanocna-07-05-2017-r","status":"publish","type":"post","link":"https:\/\/lezajsk.przemyska.pl\/?p=2923","title":{"rendered":"IV Niedziela wielkanocna (07.05.2017 r.)"},"content":{"rendered":"<ol>\n<li>Dzisiejsza niedziela jest dniem wielkiej rado\u015bci w naszej parafii, bo oto na Mszy \u015bw. o\u00a0godz. 10.00 i 12.00, dzieci z klas trzecich po raz <strong>pierwszy przyst\u0105pi\u0105 do Komunii \u015bw<\/strong><strong>.<\/strong> Dzieci te w bia\u0142ym tygodniu gromadz\u0105 si\u0119 na nabo\u017ce\u0144stwie majowym i\u00a0 Mszy \u015bw. codziennie o godz. 18.00.<\/li>\n<li>Dzi\u015b <strong>Niedziela Dobrego Pasterza<\/strong>, kt\u00f3ra rozpoczyna <strong>Tydzie\u0144 Modlitw o\u00a0powo\u0142ania kap\u0142a\u0144skie i\u00a0zakonne<\/strong>. Zatem ka\u017cdego dnia, rozpocz\u0119tego dzi\u015b tygodnia, wspierajmy modlitw\u0105 powo\u0142anych do kap\u0142a\u0144stwa czy \u017cycia zakonnego, i m\u00f3dlmy si\u0119 o dar nowych, \u015bwi\u0119tych powo\u0142a\u0144. Z tej okazji, jeszcze dzi\u015b <strong>zapraszamy na godz. 17.30<\/strong>, na nabo\u017ce\u0144stwo eucharystyczne z <strong>litani\u0105 do Matki Bo\u017cej, <\/strong>podczas kt\u00f3rego b\u0119dziemy prosi\u0107 o nowe powo\u0142ania do s\u0142u\u017cby kap\u0142a\u0144skiej i zakonnej.<\/li>\n<li>Jutro 8 maja, przypada <strong>uroczysto\u015b\u0107 \u015bw. Stanis\u0142awa bpa i m\u0119czennika &#8211; Patrona Polski. <\/strong>Jest to zarazem dzie\u0144 imienin naszego <strong>bpa Stanis\u0142awa Jamrozka<\/strong>. Pami\u0119tajmy z\u00a0tej okazji o Nim w naszych modlitwach.<\/li>\n<li>Tak\u017ce jutro po Mszy \u015bw. wieczornej spotkanie <strong>R\u00f3\u017c \u017bywego R\u00f3\u017ca\u0144ca, Apostolskiego Dzie\u0142a Pomocy dla Czy\u015b\u0107ca oraz Dzie\u0142o Pomocy Powo\u0142aniom<\/strong>.<\/li>\n<li>We wtorek <strong>nowenna do \u015bw. Antoniego<\/strong> i b\u0142ogos\u0142awie\u0144stwo dzieci. Pro\u015bby i\u00a0podzi\u0119kowania mo\u017cna sk\u0142ada\u0107 przy figurze \u015bwi\u0119tego.<\/li>\n<li>Spotkanie<strong> Stra\u017cy Honorowej NSPJ <\/strong>tym razem wyj\u0105tkowo w \u015brod\u0119 po Mszy \u015bw.<\/li>\n<li>W czwartek spotkanie <strong>Bractwa Szkaplerza \u015awi\u0119tego<\/strong>.<\/li>\n<li>Tak\u017ce w czwartek kolejne <strong>spotkania dla narzeczonych<\/strong> w ramach katechezy przed\u015blubnej.<\/li>\n<li>W pi\u0105tek po Mszy \u015bw. wieczornej, kolejne <strong>spotkanie dla m\u0142odych ma\u0142\u017conk\u00f3w<\/strong>. Wszystkich dotychczasowych uczestnik\u00f3w jak i nowych ch\u0119tnych, zapraszamy do wsp\u00f3lnoty.<\/li>\n<li>W sobot\u0119 13 czerwca na godz. 18.00, zapraszamy wszystkich czcicieli Matki Bo\u017cej na pierwsze w tym roku <strong>nabo\u017ce\u0144stwo fatimskie z procesj\u0105 r\u00f3\u017ca\u0144cow\u0105<\/strong>. Zainauguruje ono obchody 100 &#8211; nej rocznicy Objawie\u0144 Fatimskich. Z inicjatywy Akcji Katolickiej, ka\u017cde nabo\u017ce\u0144stwo b\u0119dzie poprzedzone kr\u00f3tk\u0105 scenk\u0105 ilustruj\u0105c\u0105 poszczeg\u00f3lne objawienia w\u00a0wykonaniu grupy teatralnej <strong>Baratario<\/strong>, dzia\u0142aj\u0105cej przy naszym MCK-u a dzi\u015b po Mszy \u015bw. mo\u017cna przy wyj\u015bciu z ko\u015bcio\u0142a odebra\u0107 okoliczno\u015bciowe zaproszenie na Nabo\u017ce\u0144stwa Fatimskie w\u00a0naszym ko\u015bciele.<\/li>\n<li>Dzisiejsza taca mszalna jest przeznaczona na <strong>potrzeby naszej Archidiecezji<\/strong>. Za tydzie\u0144, jak w ka\u017cd\u0105 II niedziel\u0119 miesi\u0105ca, b\u0119dzie ona przeznaczona na dalsze planowane <strong>prace remontowe przy naszej parafii. <\/strong>W czasie ostatniej zbi\u00f3rki ofiar z\u00a0przeznaczeniem na ten cel zebrano \u0142\u0105cznie z wp\u0142atami na konto kwot\u0119 <strong>16 323 z\u0142.<\/strong> Kwota ta sprawia, \u017ce na naszym koncie inwestycyjno &#8211; remontowym mamy <strong>243,5 ty\u015b. z\u0142<\/strong>. Wszystkim darczy\u0144com za ka\u017cd\u0105 przekazan\u0105 z\u0142ot\u00f3wk\u0119, za \u017cyczliwo\u015b\u0107 i\u00a0zrozumienie sk\u0142adamy serdeczne B\u00f3g zap\u0142a\u0107. R\u00f3wnocze\u015bnie informujemy, i\u017c prace zwi\u0105zane z\u00a0odtworzeniem polichromii w nawie bocznej rozpoczn\u0105 si\u0119 po 14 maja br.<\/li>\n<li>W <strong>Siewcy<\/strong> do nabycia prasa i publikacje katolickie.<\/li>\n<\/ol>\n<p><strong><u>Intencje zbiorowe: <\/u><\/strong><\/p>\n<ul>\n<li>Za \u015bp. Tadeusza Litw\u0119 \u2013 intencja od s\u0105siad\u00f3w z ul. Kopernika 5 \u2013 poniedzia\u0142ek, godz. 6.30.<\/li>\n<li>Za \u015bp. Jadwig\u0119 Wawrzaszek \u2013 intencja od s\u0105siad\u00f3w z ul. Moniuszki i Bocznej \u2013 wtorek i pi\u0105tek, godz. 7.00 i czwartek, godz. 18.00.<\/li>\n<li>Z R\u00f3\u017cy \u015bw. Teresy od Dzieci\u0105tka Jezus \u2013 wtorek, godz. 18.00.<\/li>\n<li>Z R\u00f3\u017cy MB R\u00f3\u017ca\u0144cowej \u2013 \u015broda, godz. 6.30.<\/li>\n<li>W intencji s. Agaty i ks. Kamila \u2013 intencja od rodzic\u00f3w i dzieci pierwszokomunijnych \u2013 \u015broda, godz. 18.00.<\/li>\n<li>W intencji nowennowych pr\u00f3\u015bb i podzi\u0119kowa\u0144 do MB Pocieszenia \u2013 \u015broda, godz. 18.00.<\/li>\n<li>Za \u015bp. Anet\u0119 Michno \u2013 intencja od R\u00f3\u017c R\u00f3\u017ca\u0144cowych \u2013 czwartek i pi\u0105tek, godz. 18.00.<\/li>\n<li>Za \u015bp. Leokadi\u0119 Krawczyk \u2013 intencja od pracownik\u00f3w Muzeum Ziemi Le\u017cajskiej \u2013 czwartek, godz. 18.00.<\/li>\n<li>Z intencji Ko\u0142a Przyjaci\u00f3\u0142 Radia Maryja \u2013 pi\u0105tek, godz, 18.00.<\/li>\n<li>Za \u015bp. Stanis\u0142awa \u017bak \u2013 intencja od Nadle\u015bnictwa Le\u017cajsk \u2013 sobota, godz. 7.00.<\/li>\n<li>Z intencji Bractwa Szkaplerza \u015awi\u0119tego i R\u00f3\u017c R\u00f3\u017ca\u0144cowych \u2013 sobota, godz. 18.00.<\/li>\n<li>Z R\u00f3\u017cy \u015bw. Jadwigi \u2013 niedziela, godz. 10.00.<\/li>\n<\/ul>\n","protected":false},"excerpt":{"rendered":"<p>Dzisiejsza niedziela jest dniem wielkiej rado\u015bci w naszej parafii, bo oto na Mszy \u015bw. o\u00a0godz. 10.00 i 12.00, dzieci z klas trzecich po raz pierwszy przyst\u0105pi\u0105 do Komunii \u015bw. Dzieci te w bia\u0142ym tygodniu gromadz\u0105 si\u0119 na nabo\u017ce\u0144stwie majowym i\u00a0 Mszy \u015bw. codziennie o godz. 18.00. Dzi\u015b Niedziela Dobrego Pasterza, kt\u00f3ra rozpoczyna Tydzie\u0144 Modlitw o\u00a0powo\u0142ania [&hellip;]<\/p>\n","protected":false},"author":4,"featured_media":0,"comment_status":"closed","ping_status":"open","sticky":false,"template":"","format":"standard","meta":[],"categories":[5],"tags":[],"_links":{"self":[{"href":"https:\/\/lezajsk.przemyska.pl\/index.php?rest_route=\/wp\/v2\/posts\/2923"}],"collection":[{"href":"https:\/\/lezajsk.przemyska.pl\/index.php?rest_route=\/wp\/v2\/posts"}],"about":[{"href":"https:\/\/lezajsk.przemyska.pl\/index.php?rest_route=\/wp\/v2\/types\/post"}],"author":[{"embeddable":true,"href":"https:\/\/lezajsk.przemyska.pl\/index.php?rest_route=\/wp\/v2\/users\/4"}],"replies":[{"embeddable":true,"href":"https:\/\/lezajsk.przemyska.pl\/index.php?rest_route=%2Fwp%2Fv2%2Fcomments&post=2923"}],"version-history":[{"count":1,"href":"https:\/\/lezajsk.przemyska.pl\/index.php?rest_route=\/wp\/v2\/posts\/2923\/revisions"}],"predecessor-version":[{"id":2924,"href":"https:\/\/lezajsk.przemyska.pl\/index.php?rest_route=\/wp\/v2\/posts\/2923\/revisions\/2924"}],"wp:attachment":[{"href":"https:\/\/lezajsk.przemyska.pl\/index.php?rest_route=%2Fwp%2Fv2%2Fmedia&parent=2923"}],"wp:term":[{"taxonomy":"category","embeddable":true,"href":"https:\/\/lezajsk.przemyska.pl\/index.php?rest_route=%2Fwp%2Fv2%2Fcategories&post=2923"},{"taxonomy":"post_tag","embeddable":true,"href":"https:\/\/lezajsk.przemyska.pl\/index.php?rest_route=%2Fwp%2Fv2%2Ftags&post=2923"}],"curies":[{"name":"wp","href":"https:\/\/api.w.org\/{rel}","templated":true}]}}