
{"id":265,"date":"2017-02-19T20:42:22","date_gmt":"2017-02-19T19:42:22","guid":{"rendered":"http:\/\/lezajsk.przemyska.pl\/?p=265"},"modified":"2017-02-19T20:42:22","modified_gmt":"2017-02-19T19:42:22","slug":"tym-razem-inaczej-07-11-2014r","status":"publish","type":"post","link":"https:\/\/lezajsk.przemyska.pl\/?p=265","title":{"rendered":"Tym razem inaczej&#8230; (07.11.2014r.)"},"content":{"rendered":"<p>W pi\u0105tek odby\u0142o si\u0119 kolejne spotkanie m\u0142odzie\u017cy oazowej. Tym razem nasze zebranie wygl\u0105da\u0142o nieco inaczej. Rozpocz\u0119li\u015bmy standardowo <strong>Msz\u0105 \u015aw.<\/strong>, nast\u0119pnie zebrali\u015bmy si\u0119 w Centrum M\u0142odzie\u017cowym, gdzie ks. mod. wyg\u0142osi\u0142 'kilka s\u0142\u00f3w&#8217; od siebie. Potem odwiedzili\u015bmy cmentarz i powr\u00f3cili\u015bmy do Centrum, gdzie trenowali\u015bmy \u015bpiew i zako\u0144czyli\u015bmy spotkanie Apelem Jasnog\u00f3rskim.<br \/>\nMimo, \u017ce zabrak\u0142o tym razem wsp\u00f3lnego rozwa\u017cania s\u0142\u00f3w z <strong>Pisma \u015awi\u0119tego<\/strong>, m\u0142odzi po raz kolejny umocnili si\u0119 wewn\u0119trznie do g\u0142oszenia <strong>Chrystusa<\/strong> i pokazywania jak mo\u017cna pi\u0119knie \u017cy\u0107 <em>po chrze\u015bcija\u0144sku<\/em>, pomimo m\u0142odego wieku.<br \/>\nOczywi\u015bcie nale\u017cy wspomnie\u0107, \u017ce niedzielna Eucharystia o godz. 10:00 w <em>Ma\u0142ym Ko\u015bciele <\/em>naturalnie zosta\u0142a ubogacona poprzez aktywny udzia\u0142 w niej naszej m\u0142odzie\u017cy, czyli \u015bpiew i czytania.<\/p>\n<div style=\"text-align: center;\">\u00a0\u201e<em><strong>Bez wiary potykamy si\u0119 o \u017ad\u017ab\u0142o s\u0142omy, z wiar\u0105 przenosimy g\u00f3ry.\u201d<\/strong><\/em><\/div>\n","protected":false},"excerpt":{"rendered":"<p>W pi\u0105tek odby\u0142o si\u0119 kolejne spotkanie m\u0142odzie\u017cy oazowej. Tym razem nasze zebranie wygl\u0105da\u0142o nieco inaczej. Rozpocz\u0119li\u015bmy standardowo Msz\u0105 \u015aw., nast\u0119pnie zebrali\u015bmy si\u0119 w Centrum M\u0142odzie\u017cowym, gdzie ks. mod. wyg\u0142osi\u0142 'kilka s\u0142\u00f3w&#8217; od siebie. Potem odwiedzili\u015bmy cmentarz i powr\u00f3cili\u015bmy do Centrum, gdzie trenowali\u015bmy \u015bpiew i zako\u0144czyli\u015bmy spotkanie Apelem Jasnog\u00f3rskim. Mimo, \u017ce zabrak\u0142o tym razem wsp\u00f3lnego rozwa\u017cania [&hellip;]<\/p>\n","protected":false},"author":1,"featured_media":266,"comment_status":"closed","ping_status":"open","sticky":false,"template":"","format":"standard","meta":[],"categories":[12],"tags":[],"_links":{"self":[{"href":"https:\/\/lezajsk.przemyska.pl\/index.php?rest_route=\/wp\/v2\/posts\/265"}],"collection":[{"href":"https:\/\/lezajsk.przemyska.pl\/index.php?rest_route=\/wp\/v2\/posts"}],"about":[{"href":"https:\/\/lezajsk.przemyska.pl\/index.php?rest_route=\/wp\/v2\/types\/post"}],"author":[{"embeddable":true,"href":"https:\/\/lezajsk.przemyska.pl\/index.php?rest_route=\/wp\/v2\/users\/1"}],"replies":[{"embeddable":true,"href":"https:\/\/lezajsk.przemyska.pl\/index.php?rest_route=%2Fwp%2Fv2%2Fcomments&post=265"}],"version-history":[{"count":1,"href":"https:\/\/lezajsk.przemyska.pl\/index.php?rest_route=\/wp\/v2\/posts\/265\/revisions"}],"predecessor-version":[{"id":267,"href":"https:\/\/lezajsk.przemyska.pl\/index.php?rest_route=\/wp\/v2\/posts\/265\/revisions\/267"}],"wp:featuredmedia":[{"embeddable":true,"href":"https:\/\/lezajsk.przemyska.pl\/index.php?rest_route=\/wp\/v2\/media\/266"}],"wp:attachment":[{"href":"https:\/\/lezajsk.przemyska.pl\/index.php?rest_route=%2Fwp%2Fv2%2Fmedia&parent=265"}],"wp:term":[{"taxonomy":"category","embeddable":true,"href":"https:\/\/lezajsk.przemyska.pl\/index.php?rest_route=%2Fwp%2Fv2%2Fcategories&post=265"},{"taxonomy":"post_tag","embeddable":true,"href":"https:\/\/lezajsk.przemyska.pl\/index.php?rest_route=%2Fwp%2Fv2%2Ftags&post=265"}],"curies":[{"name":"wp","href":"https:\/\/api.w.org\/{rel}","templated":true}]}}