
{"id":263,"date":"2017-02-19T20:41:17","date_gmt":"2017-02-19T19:41:17","guid":{"rendered":"http:\/\/lezajsk.przemyska.pl\/?p=263"},"modified":"2017-02-19T20:41:17","modified_gmt":"2017-02-19T19:41:17","slug":"listopadowe-odwiedzanie-cmentarza","status":"publish","type":"post","link":"https:\/\/lezajsk.przemyska.pl\/?p=263","title":{"rendered":"Listopadowe odwiedzanie cmentarza"},"content":{"rendered":"<p>Przez ca\u0142y miesi\u0105c-listopad, m\u0142odzie\u017c oazowa codziennie b\u0119dzie odwiedza\u0107 nasz cmentarz.<\/p>\n<p>Ka\u017cdego dnia o godz. 19:00 spod Ko\u015bcio\u0142a Farnego wyruszamy w celu modlitwy i zadumy nad grobami zmar\u0142ych. Mamy nadziej\u0119, \u017ce nasze grono 'w\u0119drownik\u00f3w&#8217; b\u0119dzie powi\u0119ksza\u0142o si\u0119 z ka\u017cdym dniem i ch\u0142odne, cz\u0119sto nieprzyjemne wieczory nie b\u0119d\u0105 odczuwalne, dzi\u0119ki ciep\u0142ej i przyjemnej atmosferze w naszej Wsp\u00f3lnocie.<\/p>\n<p><em><strong>&#8222;Gdy si\u0119 modlimy, B\u00f3g patrzy na nasze serca, a nie na form\u0119 naszych s\u0142\u00f3w.&#8221;<\/strong><\/em><\/p>\n","protected":false},"excerpt":{"rendered":"<p>Przez ca\u0142y miesi\u0105c-listopad, m\u0142odzie\u017c oazowa codziennie b\u0119dzie odwiedza\u0107 nasz cmentarz. Ka\u017cdego dnia o godz. 19:00 spod Ko\u015bcio\u0142a Farnego wyruszamy w celu modlitwy i zadumy nad grobami zmar\u0142ych. Mamy nadziej\u0119, \u017ce nasze grono 'w\u0119drownik\u00f3w&#8217; b\u0119dzie powi\u0119ksza\u0142o si\u0119 z ka\u017cdym dniem i ch\u0142odne, cz\u0119sto nieprzyjemne wieczory nie b\u0119d\u0105 odczuwalne, dzi\u0119ki ciep\u0142ej i przyjemnej atmosferze w naszej Wsp\u00f3lnocie. [&hellip;]<\/p>\n","protected":false},"author":1,"featured_media":0,"comment_status":"closed","ping_status":"open","sticky":false,"template":"","format":"standard","meta":[],"categories":[12],"tags":[],"_links":{"self":[{"href":"https:\/\/lezajsk.przemyska.pl\/index.php?rest_route=\/wp\/v2\/posts\/263"}],"collection":[{"href":"https:\/\/lezajsk.przemyska.pl\/index.php?rest_route=\/wp\/v2\/posts"}],"about":[{"href":"https:\/\/lezajsk.przemyska.pl\/index.php?rest_route=\/wp\/v2\/types\/post"}],"author":[{"embeddable":true,"href":"https:\/\/lezajsk.przemyska.pl\/index.php?rest_route=\/wp\/v2\/users\/1"}],"replies":[{"embeddable":true,"href":"https:\/\/lezajsk.przemyska.pl\/index.php?rest_route=%2Fwp%2Fv2%2Fcomments&post=263"}],"version-history":[{"count":1,"href":"https:\/\/lezajsk.przemyska.pl\/index.php?rest_route=\/wp\/v2\/posts\/263\/revisions"}],"predecessor-version":[{"id":264,"href":"https:\/\/lezajsk.przemyska.pl\/index.php?rest_route=\/wp\/v2\/posts\/263\/revisions\/264"}],"wp:attachment":[{"href":"https:\/\/lezajsk.przemyska.pl\/index.php?rest_route=%2Fwp%2Fv2%2Fmedia&parent=263"}],"wp:term":[{"taxonomy":"category","embeddable":true,"href":"https:\/\/lezajsk.przemyska.pl\/index.php?rest_route=%2Fwp%2Fv2%2Fcategories&post=263"},{"taxonomy":"post_tag","embeddable":true,"href":"https:\/\/lezajsk.przemyska.pl\/index.php?rest_route=%2Fwp%2Fv2%2Ftags&post=263"}],"curies":[{"name":"wp","href":"https:\/\/api.w.org\/{rel}","templated":true}]}}