
{"id":255,"date":"2017-02-19T20:39:27","date_gmt":"2017-02-19T19:39:27","guid":{"rendered":"http:\/\/lezajsk.przemyska.pl\/?p=255"},"modified":"2017-02-19T20:39:27","modified_gmt":"2017-02-19T19:39:27","slug":"rejonowe-spotkanie-animatorow","status":"publish","type":"post","link":"https:\/\/lezajsk.przemyska.pl\/?p=255","title":{"rendered":"REJONOWE SPOTKANIE ANIMATOR\u00d3W"},"content":{"rendered":"<p>Dnia 25 pa\u017adziernika 2014 roku w naszej wsp\u00f3lnocie parafialnej go\u015bcili animatorzy z rejonu le\u017cajskiego wraz ze swoim moderatorem ksi\u0119dzem Piotrem Stefa\u0144skim, wikariuszem z parafii Grodzisko. O godzinie 18.00 m\u0142odzie\u017c z naszej parafii, oraz z parafii Grodzisko, Sarzyna, Gwizd\u00f3w uczestniczy\u0142a we Mszy \u015awi\u0119tej, a nast\u0119pnie w swoim miesi\u0119cznym spotkaniu.<br \/>\nBardzo si\u0119 cieszymy, \u017ce w dzisiejszym czasie m\u0142odzie\u017c naszego regionu coraz odwa\u017cniej anga\u017cuje si\u0119 w sprawy ewangelizacji, czyli g\u0142oszenia Jezusa \u017cywego, kt\u00f3rego do\u015bwiadczaj\u0105 w swoim \u017cyciu. My\u015bl\u0119, ze jest to odpowied\u017a na to, co proponowa\u0142 \u015bwi\u0119ty Jan Pawe\u0142 II m\u0142odzie\u017cy: &#8222;wymagajcie od siebie, nawet gdyby inni nie wymagali od was&#8221;. Gratulujemy m\u0142odym i \u017cyczymy odwagi w m\u00f3wieniu o Jezusie.<\/p>\n","protected":false},"excerpt":{"rendered":"<p>Dnia 25 pa\u017adziernika 2014 roku w naszej wsp\u00f3lnocie parafialnej go\u015bcili animatorzy z rejonu le\u017cajskiego wraz ze swoim moderatorem ksi\u0119dzem Piotrem Stefa\u0144skim, wikariuszem z parafii Grodzisko. O godzinie 18.00 m\u0142odzie\u017c z naszej parafii, oraz z parafii Grodzisko, Sarzyna, Gwizd\u00f3w uczestniczy\u0142a we Mszy \u015awi\u0119tej, a nast\u0119pnie w swoim miesi\u0119cznym spotkaniu. Bardzo si\u0119 cieszymy, \u017ce w dzisiejszym czasie [&hellip;]<\/p>\n","protected":false},"author":1,"featured_media":0,"comment_status":"closed","ping_status":"open","sticky":false,"template":"","format":"standard","meta":[],"categories":[12],"tags":[],"_links":{"self":[{"href":"https:\/\/lezajsk.przemyska.pl\/index.php?rest_route=\/wp\/v2\/posts\/255"}],"collection":[{"href":"https:\/\/lezajsk.przemyska.pl\/index.php?rest_route=\/wp\/v2\/posts"}],"about":[{"href":"https:\/\/lezajsk.przemyska.pl\/index.php?rest_route=\/wp\/v2\/types\/post"}],"author":[{"embeddable":true,"href":"https:\/\/lezajsk.przemyska.pl\/index.php?rest_route=\/wp\/v2\/users\/1"}],"replies":[{"embeddable":true,"href":"https:\/\/lezajsk.przemyska.pl\/index.php?rest_route=%2Fwp%2Fv2%2Fcomments&post=255"}],"version-history":[{"count":1,"href":"https:\/\/lezajsk.przemyska.pl\/index.php?rest_route=\/wp\/v2\/posts\/255\/revisions"}],"predecessor-version":[{"id":256,"href":"https:\/\/lezajsk.przemyska.pl\/index.php?rest_route=\/wp\/v2\/posts\/255\/revisions\/256"}],"wp:attachment":[{"href":"https:\/\/lezajsk.przemyska.pl\/index.php?rest_route=%2Fwp%2Fv2%2Fmedia&parent=255"}],"wp:term":[{"taxonomy":"category","embeddable":true,"href":"https:\/\/lezajsk.przemyska.pl\/index.php?rest_route=%2Fwp%2Fv2%2Fcategories&post=255"},{"taxonomy":"post_tag","embeddable":true,"href":"https:\/\/lezajsk.przemyska.pl\/index.php?rest_route=%2Fwp%2Fv2%2Ftags&post=255"}],"curies":[{"name":"wp","href":"https:\/\/api.w.org\/{rel}","templated":true}]}}