
{"id":253,"date":"2017-02-19T20:39:00","date_gmt":"2017-02-19T19:39:00","guid":{"rendered":"http:\/\/lezajsk.przemyska.pl\/?p=253"},"modified":"2017-02-19T20:39:00","modified_gmt":"2017-02-19T19:39:00","slug":"zrodlo-wierzacego-czlowieka-24-10-2014r","status":"publish","type":"post","link":"https:\/\/lezajsk.przemyska.pl\/?p=253","title":{"rendered":"&#8222;\u0179r\u00f3d\u0142o wierz\u0105cego cz\u0142owieka&#8221; (24.10.2014r.)"},"content":{"rendered":"<p><strong>Taki by\u0142 temat kolejnego pi\u0105tkowego spotkania.<\/strong><\/p>\n<p>Spotkanie formacyjne sk\u0142ada\u0142o si\u0119 z 5 punkt\u00f3w:<\/p>\n<ul>\n<li>Msza \u015awi\u0119ta<\/li>\n<li>rozpocz\u0119cie spotkania: zapalenie \u015bwiecy oazowej, modlitwa, przem\u00f3wienie wst\u0119pne<br \/>\nks. moderatora<\/li>\n<li>spotkania w grupach (ch\u0142opcy-dziewcz\u0119ta)<\/li>\n<li>\u015bpiew<\/li>\n<li>zako\u0144czenie spotkania: modlitwa, Apel Jasnog\u00f3rski, rozes\u0142anie.\n<p>&nbsp;<\/li>\n<\/ul>\n<p>Wieczorna Eucharystia o godz. 18:00 zosta\u0142a umilona i upi\u0119kszona, dzi\u0119ki czynnemu udzia\u0142owi<br \/>\nw niej naszej m\u0142odzie\u017cy.<\/p>\n<p>Spotkanie w parafialnym Centrum M\u0142odzie\u017cowym po raz kolejny ubogaci\u0142o m\u0142odzie\u017c w g\u0142\u0119bok\u0105 interpretacj\u0119 S\u0142owa Bo\u017cego i sposoby wcielania go w nasze chrze\u015bcija\u0144skie \u017cycie.<\/p>\n<p>M\u0142odzi z niecierpliwo\u015bci\u0105 wyczekuj\u0105 kolejnego spotkania, ale przedtem przez najbli\u017cszy tydzie\u0144 b\u0119d\u0105 stara\u0107 si\u0119 zastosowa\u0107 w swojej codzienno\u015bci cenn\u0105 nauk\u0119 wyniesion\u0105 z zebrania <strong>Wsp\u00f3lnoty<\/strong>.<\/p>\n<p><em>Notabene z<\/em>apraszamy serdecznie dzieci i m\u0142odzie\u017c (szko\u0142a podstawowa, gimnazjum, szko\u0142a \u015brednia) na pi\u0105tkowe spotkania oazy, poniewa\u017c niezmiernie cieszymy si\u0119 z ka\u017cdego nowego cz\u0142onka naszego kr\u0119gu. Motywuje nas to do wsp\u00f3lnego dojrzewania w wierze.<\/p>\n<p><strong>Przypominamy r\u00f3wnie\u017c<\/strong>, \u017ce do Uroczysto\u015bci Wszystkich \u015awi\u0119tych b\u0119dzie trwa\u0142a Akcja Znicz, kt\u00f3r\u0105 przeprowadza nasza m\u0142odzie\u017c. Zach\u0119camy do zakupu zniczy i wspomo\u017cenia m\u0142odych oazowicz\u00f3w.<\/p>\n","protected":false},"excerpt":{"rendered":"<p>Taki by\u0142 temat kolejnego pi\u0105tkowego spotkania. Spotkanie formacyjne sk\u0142ada\u0142o si\u0119 z 5 punkt\u00f3w: Msza \u015awi\u0119ta rozpocz\u0119cie spotkania: zapalenie \u015bwiecy oazowej, modlitwa, przem\u00f3wienie wst\u0119pne ks. moderatora spotkania w grupach (ch\u0142opcy-dziewcz\u0119ta) \u015bpiew zako\u0144czenie spotkania: modlitwa, Apel Jasnog\u00f3rski, rozes\u0142anie. &nbsp; Wieczorna Eucharystia o godz. 18:00 zosta\u0142a umilona i upi\u0119kszona, dzi\u0119ki czynnemu udzia\u0142owi w niej naszej m\u0142odzie\u017cy. Spotkanie w [&hellip;]<\/p>\n","protected":false},"author":1,"featured_media":0,"comment_status":"closed","ping_status":"open","sticky":false,"template":"","format":"standard","meta":[],"categories":[12],"tags":[],"_links":{"self":[{"href":"https:\/\/lezajsk.przemyska.pl\/index.php?rest_route=\/wp\/v2\/posts\/253"}],"collection":[{"href":"https:\/\/lezajsk.przemyska.pl\/index.php?rest_route=\/wp\/v2\/posts"}],"about":[{"href":"https:\/\/lezajsk.przemyska.pl\/index.php?rest_route=\/wp\/v2\/types\/post"}],"author":[{"embeddable":true,"href":"https:\/\/lezajsk.przemyska.pl\/index.php?rest_route=\/wp\/v2\/users\/1"}],"replies":[{"embeddable":true,"href":"https:\/\/lezajsk.przemyska.pl\/index.php?rest_route=%2Fwp%2Fv2%2Fcomments&post=253"}],"version-history":[{"count":1,"href":"https:\/\/lezajsk.przemyska.pl\/index.php?rest_route=\/wp\/v2\/posts\/253\/revisions"}],"predecessor-version":[{"id":254,"href":"https:\/\/lezajsk.przemyska.pl\/index.php?rest_route=\/wp\/v2\/posts\/253\/revisions\/254"}],"wp:attachment":[{"href":"https:\/\/lezajsk.przemyska.pl\/index.php?rest_route=%2Fwp%2Fv2%2Fmedia&parent=253"}],"wp:term":[{"taxonomy":"category","embeddable":true,"href":"https:\/\/lezajsk.przemyska.pl\/index.php?rest_route=%2Fwp%2Fv2%2Fcategories&post=253"},{"taxonomy":"post_tag","embeddable":true,"href":"https:\/\/lezajsk.przemyska.pl\/index.php?rest_route=%2Fwp%2Fv2%2Ftags&post=253"}],"curies":[{"name":"wp","href":"https:\/\/api.w.org\/{rel}","templated":true}]}}