
{"id":247,"date":"2017-02-19T20:36:56","date_gmt":"2017-02-19T19:36:56","guid":{"rendered":"http:\/\/lezajsk.przemyska.pl\/?p=247"},"modified":"2017-02-19T20:36:56","modified_gmt":"2017-02-19T19:36:56","slug":"rok-formacyjny-201415-rozpoczety-05-09-2014r","status":"publish","type":"post","link":"https:\/\/lezajsk.przemyska.pl\/?p=247","title":{"rendered":"Rok formacyjny 2014\/15 rozpocz\u0119ty! (05.09.2014r.)"},"content":{"rendered":"<p><strong>Ruch \u015awiat\u0142o-\u017bycie<\/strong>, czyli <strong>OAZA<\/strong> rozpocz\u0119\u0142a kolejny rok formacyjny. Spotkania formacyjne b\u0119d\u0105 odbywa\u0107 si\u0119 w ka\u017cdy pi\u0105tek: dla Oazy Dzieci Bo\u017cych (szko\u0142a podstawowa) o godz. 16:45, spotkanie ko\u0144czy si\u0119 Msz\u0105 \u015aw. wieczorn\u0105, a dla m\u0142odzie\u017cy spotkanie rozpoczyna si\u0119 Msz\u0105 \u015aw. i trwa kr\u00f3cej lub d\u0142u\u017cej po niej. Miejmy nadziej\u0119, \u017ce ten rok b\u0119dzie owocny dla naszych m\u0142odych, wspierajmy ich duchowo i materialnie, aby realizowali swoje marzenia i cele.<\/p>\n","protected":false},"excerpt":{"rendered":"<p>Ruch \u015awiat\u0142o-\u017bycie, czyli OAZA rozpocz\u0119\u0142a kolejny rok formacyjny. Spotkania formacyjne b\u0119d\u0105 odbywa\u0107 si\u0119 w ka\u017cdy pi\u0105tek: dla Oazy Dzieci Bo\u017cych (szko\u0142a podstawowa) o godz. 16:45, spotkanie ko\u0144czy si\u0119 Msz\u0105 \u015aw. wieczorn\u0105, a dla m\u0142odzie\u017cy spotkanie rozpoczyna si\u0119 Msz\u0105 \u015aw. i trwa kr\u00f3cej lub d\u0142u\u017cej po niej. Miejmy nadziej\u0119, \u017ce ten rok b\u0119dzie owocny dla naszych [&hellip;]<\/p>\n","protected":false},"author":1,"featured_media":0,"comment_status":"closed","ping_status":"open","sticky":false,"template":"","format":"standard","meta":[],"categories":[12],"tags":[],"_links":{"self":[{"href":"https:\/\/lezajsk.przemyska.pl\/index.php?rest_route=\/wp\/v2\/posts\/247"}],"collection":[{"href":"https:\/\/lezajsk.przemyska.pl\/index.php?rest_route=\/wp\/v2\/posts"}],"about":[{"href":"https:\/\/lezajsk.przemyska.pl\/index.php?rest_route=\/wp\/v2\/types\/post"}],"author":[{"embeddable":true,"href":"https:\/\/lezajsk.przemyska.pl\/index.php?rest_route=\/wp\/v2\/users\/1"}],"replies":[{"embeddable":true,"href":"https:\/\/lezajsk.przemyska.pl\/index.php?rest_route=%2Fwp%2Fv2%2Fcomments&post=247"}],"version-history":[{"count":1,"href":"https:\/\/lezajsk.przemyska.pl\/index.php?rest_route=\/wp\/v2\/posts\/247\/revisions"}],"predecessor-version":[{"id":248,"href":"https:\/\/lezajsk.przemyska.pl\/index.php?rest_route=\/wp\/v2\/posts\/247\/revisions\/248"}],"wp:attachment":[{"href":"https:\/\/lezajsk.przemyska.pl\/index.php?rest_route=%2Fwp%2Fv2%2Fmedia&parent=247"}],"wp:term":[{"taxonomy":"category","embeddable":true,"href":"https:\/\/lezajsk.przemyska.pl\/index.php?rest_route=%2Fwp%2Fv2%2Fcategories&post=247"},{"taxonomy":"post_tag","embeddable":true,"href":"https:\/\/lezajsk.przemyska.pl\/index.php?rest_route=%2Fwp%2Fv2%2Ftags&post=247"}],"curies":[{"name":"wp","href":"https:\/\/api.w.org\/{rel}","templated":true}]}}