
{"id":243,"date":"2017-02-19T20:35:41","date_gmt":"2017-02-19T19:35:41","guid":{"rendered":"http:\/\/lezajsk.przemyska.pl\/?p=243"},"modified":"2017-02-19T20:35:41","modified_gmt":"2017-02-19T19:35:41","slug":"zraniony-pasterz-w-gimnazjum-2012-04-04","status":"publish","type":"post","link":"https:\/\/lezajsk.przemyska.pl\/?p=243","title":{"rendered":"&#8222;Zraniony Pasterz&#8221; w Gimnazjum (2012.04.04)"},"content":{"rendered":"<p>Dnia 4 kwietnia, w Gimnazjum Miejskim w Le\u017cajsku, m\u0142odzie\u017c oazowa naszej le\u017cajskiej Fary odegra\u0142a spektakl pt. &#8222;Zraniony Pasterz&#8221; napisany na podstawie ksi\u0105\u017cki Daniela Ange. Celem przedstawienia by\u0142o wprowadzenie widz\u00f3w w tematyk\u0119 Triduum Paschalnego, czyli w tajemnic\u0119 m\u0119ki, \u015bmierci i zmartwychwstania Chrystusa. Spektakl ukazuje losy m\u0142odego cz\u0142owieka &#8211; Emmanuela, kt\u00f3ry pragn\u0105\u0142 odnale\u017a\u0107 sens w tym co robi oraz do\u015bwiadczy\u0107 w ko\u0144cu prawdziwej mi\u0142o\u015bci. Na swojej drodze spotyka On tytu\u0142owego Pasterza &#8211; Jezusa, kt\u00f3ry przeprowadza Go jeszcze raz przez sytuacje z przesz\u0142o\u015bci wskutek czego g\u0142\u00f3wny bohater pojmuje, dlaczego nie czu\u0142 si\u0119 kochanym. Zbawiciel wyja\u015bnia mu r\u00f3wnie\u017c, w przypowie\u015bciach, jak wa\u017cna jest mi\u0142o\u015b\u0107 i przebaczenie. Oazowicze do sztuki przygotowywali si\u0119 pod czujnym okiem Mateusza Odachowskiego oraz ksi\u0119dza Paw\u0142a Polasza.<\/p>\n<p style=\"text-align: right;\">Marcin Kozyra<\/p>\n","protected":false},"excerpt":{"rendered":"<p>Dnia 4 kwietnia, w Gimnazjum Miejskim w Le\u017cajsku, m\u0142odzie\u017c oazowa naszej le\u017cajskiej Fary odegra\u0142a spektakl pt. &#8222;Zraniony Pasterz&#8221; napisany na podstawie ksi\u0105\u017cki Daniela Ange. Celem przedstawienia by\u0142o wprowadzenie widz\u00f3w w tematyk\u0119 Triduum Paschalnego, czyli w tajemnic\u0119 m\u0119ki, \u015bmierci i zmartwychwstania Chrystusa. Spektakl ukazuje losy m\u0142odego cz\u0142owieka &#8211; Emmanuela, kt\u00f3ry pragn\u0105\u0142 odnale\u017a\u0107 sens w tym co [&hellip;]<\/p>\n","protected":false},"author":1,"featured_media":0,"comment_status":"closed","ping_status":"open","sticky":false,"template":"","format":"standard","meta":[],"categories":[12],"tags":[],"_links":{"self":[{"href":"https:\/\/lezajsk.przemyska.pl\/index.php?rest_route=\/wp\/v2\/posts\/243"}],"collection":[{"href":"https:\/\/lezajsk.przemyska.pl\/index.php?rest_route=\/wp\/v2\/posts"}],"about":[{"href":"https:\/\/lezajsk.przemyska.pl\/index.php?rest_route=\/wp\/v2\/types\/post"}],"author":[{"embeddable":true,"href":"https:\/\/lezajsk.przemyska.pl\/index.php?rest_route=\/wp\/v2\/users\/1"}],"replies":[{"embeddable":true,"href":"https:\/\/lezajsk.przemyska.pl\/index.php?rest_route=%2Fwp%2Fv2%2Fcomments&post=243"}],"version-history":[{"count":1,"href":"https:\/\/lezajsk.przemyska.pl\/index.php?rest_route=\/wp\/v2\/posts\/243\/revisions"}],"predecessor-version":[{"id":244,"href":"https:\/\/lezajsk.przemyska.pl\/index.php?rest_route=\/wp\/v2\/posts\/243\/revisions\/244"}],"wp:attachment":[{"href":"https:\/\/lezajsk.przemyska.pl\/index.php?rest_route=%2Fwp%2Fv2%2Fmedia&parent=243"}],"wp:term":[{"taxonomy":"category","embeddable":true,"href":"https:\/\/lezajsk.przemyska.pl\/index.php?rest_route=%2Fwp%2Fv2%2Fcategories&post=243"},{"taxonomy":"post_tag","embeddable":true,"href":"https:\/\/lezajsk.przemyska.pl\/index.php?rest_route=%2Fwp%2Fv2%2Ftags&post=243"}],"curies":[{"name":"wp","href":"https:\/\/api.w.org\/{rel}","templated":true}]}}