
{"id":240,"date":"2017-02-19T20:35:11","date_gmt":"2017-02-19T19:35:11","guid":{"rendered":"http:\/\/lezajsk.przemyska.pl\/?p=240"},"modified":"2017-02-19T20:35:11","modified_gmt":"2017-02-19T19:35:11","slug":"w-nowy-oazowy-rok","status":"publish","type":"post","link":"https:\/\/lezajsk.przemyska.pl\/?p=240","title":{"rendered":"W nowy oazowy rok"},"content":{"rendered":"<p>Dnia 31.12.2011 odby\u0142a si\u0119 zabawa Sylwestrowa organizowana przez Oaz\u0119 parafialn\u0105. M\u0142odzie\u017c bior\u0105ca udzia\u0142 w tym wydarzeniu przygotowa\u0142a Msze \u015aw. na zako\u0144czenie roku. P\u00f3\u017aniej uda\u0142a si\u0119 do wcze\u015bniej ju\u017c udekorowanej Salki na dalsz\u0105 cze\u015b\u0107 obchod\u00f3w tego wyj\u0105tkowego dnia.<\/p>\n<p>Po modlitwie poprowadzonej przez ks. Paw\u0142a oraz b\u0142ogos\u0142awie\u0144stwie rozpocz\u0119\u0142y si\u0119 ta\u0144ce. Parkiet by\u0142 zaj\u0119ty przez prawie ca\u0142y czas z wyj\u0105tkiem kr\u00f3tkich przerw na jedzenie, kt\u00f3re m\u0142odzie\u017c sobie przygotowa\u0142a. O godzinie 24.00 zabawa sylwestrowa zosta\u0142a przerwana i uczestnicy zebrali si\u0119 na Mszy \u015aw. na rozpocz\u0119cie Nowego Roku, kt\u00f3r\u0105 odprawi\u0142 ks. Pawe\u0142. Po Mszy \u015aw. Mia\u0142o miejsce kr\u00f3tkie sk\u0142adanie \u017cycze\u0144 noworocznych i przej\u015bcie za plebanie, gdzie odby\u0142 si\u0119 pokaz fajerwerk\u00f3w.<\/p>\n<p>Po tym punkcie programu imprezy wszyscy wr\u00f3cili cali i zdrowi do Salki na dalsze ta\u0144ce i zabawy&#8230;<br \/>\nZapraszamy do <a href=\"http:\/\/fara.lezajsk.pl\/index.php?view=detail&amp;id=3895&amp;option=com_joomgallery&amp;Itemid=59\">galerii zdj\u0119\u0107<\/a> upami\u0119tniaj\u0105cej to wydarzenie.<\/p>\n<p style=\"text-align: right;\">Adrian Baj<\/p>\n","protected":false},"excerpt":{"rendered":"<p>Dnia 31.12.2011 odby\u0142a si\u0119 zabawa Sylwestrowa organizowana przez Oaz\u0119 parafialn\u0105. M\u0142odzie\u017c bior\u0105ca udzia\u0142 w tym wydarzeniu przygotowa\u0142a Msze \u015aw. na zako\u0144czenie roku. P\u00f3\u017aniej uda\u0142a si\u0119 do wcze\u015bniej ju\u017c udekorowanej Salki na dalsz\u0105 cze\u015b\u0107 obchod\u00f3w tego wyj\u0105tkowego dnia. Po modlitwie poprowadzonej przez ks. Paw\u0142a oraz b\u0142ogos\u0142awie\u0144stwie rozpocz\u0119\u0142y si\u0119 ta\u0144ce. Parkiet by\u0142 zaj\u0119ty przez prawie ca\u0142y czas [&hellip;]<\/p>\n","protected":false},"author":1,"featured_media":241,"comment_status":"closed","ping_status":"open","sticky":false,"template":"","format":"standard","meta":[],"categories":[12],"tags":[],"_links":{"self":[{"href":"https:\/\/lezajsk.przemyska.pl\/index.php?rest_route=\/wp\/v2\/posts\/240"}],"collection":[{"href":"https:\/\/lezajsk.przemyska.pl\/index.php?rest_route=\/wp\/v2\/posts"}],"about":[{"href":"https:\/\/lezajsk.przemyska.pl\/index.php?rest_route=\/wp\/v2\/types\/post"}],"author":[{"embeddable":true,"href":"https:\/\/lezajsk.przemyska.pl\/index.php?rest_route=\/wp\/v2\/users\/1"}],"replies":[{"embeddable":true,"href":"https:\/\/lezajsk.przemyska.pl\/index.php?rest_route=%2Fwp%2Fv2%2Fcomments&post=240"}],"version-history":[{"count":1,"href":"https:\/\/lezajsk.przemyska.pl\/index.php?rest_route=\/wp\/v2\/posts\/240\/revisions"}],"predecessor-version":[{"id":242,"href":"https:\/\/lezajsk.przemyska.pl\/index.php?rest_route=\/wp\/v2\/posts\/240\/revisions\/242"}],"wp:featuredmedia":[{"embeddable":true,"href":"https:\/\/lezajsk.przemyska.pl\/index.php?rest_route=\/wp\/v2\/media\/241"}],"wp:attachment":[{"href":"https:\/\/lezajsk.przemyska.pl\/index.php?rest_route=%2Fwp%2Fv2%2Fmedia&parent=240"}],"wp:term":[{"taxonomy":"category","embeddable":true,"href":"https:\/\/lezajsk.przemyska.pl\/index.php?rest_route=%2Fwp%2Fv2%2Fcategories&post=240"},{"taxonomy":"post_tag","embeddable":true,"href":"https:\/\/lezajsk.przemyska.pl\/index.php?rest_route=%2Fwp%2Fv2%2Ftags&post=240"}],"curies":[{"name":"wp","href":"https:\/\/api.w.org\/{rel}","templated":true}]}}