
{"id":232,"date":"2017-02-19T20:32:10","date_gmt":"2017-02-19T19:32:10","guid":{"rendered":"http:\/\/lezajsk.przemyska.pl\/?p=232"},"modified":"2017-02-19T20:32:10","modified_gmt":"2017-02-19T19:32:10","slug":"rozpoczecie-roku-formacyjnego-oazy-2011-09-23","status":"publish","type":"post","link":"https:\/\/lezajsk.przemyska.pl\/?p=232","title":{"rendered":"Rozpocz\u0119cie roku formacyjnego Oazy (2011.09.23)"},"content":{"rendered":"<p>M\u0142odzie\u017c oazowa naszej parafii na czele z moderatorem &#8211; ksi\u0119dzem Paw\u0142em Polaszem &#8211; rozpocz\u0119\u0142a nowy rok formacyjny 2011\/12. Prowadz\u0105cymi poszczeg\u00f3lne grupy s\u0105: Agnieszka Wi\u0119c\u0142aw, Klaudia Kie\u0142bo\u0144, Jolanta G\u00f3rska, Alicja Sobczyk, Micha\u0142 Ra\u017anikiewicz i Marcin Kozyra. Czas tegorocznej formacji rozpocz\u0119to cyklem spotka\u0144 o tematyce &#8222;Jezus &#8211; m\u00f3j Pan i Zbawiciel&#8221;.<\/p>\n<p style=\"text-align: right;\">Marcin Kozyra<\/p>\n","protected":false},"excerpt":{"rendered":"<p>M\u0142odzie\u017c oazowa naszej parafii na czele z moderatorem &#8211; ksi\u0119dzem Paw\u0142em Polaszem &#8211; rozpocz\u0119\u0142a nowy rok formacyjny 2011\/12. Prowadz\u0105cymi poszczeg\u00f3lne grupy s\u0105: Agnieszka Wi\u0119c\u0142aw, Klaudia Kie\u0142bo\u0144, Jolanta G\u00f3rska, Alicja Sobczyk, Micha\u0142 Ra\u017anikiewicz i Marcin Kozyra. Czas tegorocznej formacji rozpocz\u0119to cyklem spotka\u0144 o tematyce &#8222;Jezus &#8211; m\u00f3j Pan i Zbawiciel&#8221;. Marcin Kozyra<\/p>\n","protected":false},"author":1,"featured_media":0,"comment_status":"closed","ping_status":"open","sticky":false,"template":"","format":"standard","meta":[],"categories":[12],"tags":[],"_links":{"self":[{"href":"https:\/\/lezajsk.przemyska.pl\/index.php?rest_route=\/wp\/v2\/posts\/232"}],"collection":[{"href":"https:\/\/lezajsk.przemyska.pl\/index.php?rest_route=\/wp\/v2\/posts"}],"about":[{"href":"https:\/\/lezajsk.przemyska.pl\/index.php?rest_route=\/wp\/v2\/types\/post"}],"author":[{"embeddable":true,"href":"https:\/\/lezajsk.przemyska.pl\/index.php?rest_route=\/wp\/v2\/users\/1"}],"replies":[{"embeddable":true,"href":"https:\/\/lezajsk.przemyska.pl\/index.php?rest_route=%2Fwp%2Fv2%2Fcomments&post=232"}],"version-history":[{"count":1,"href":"https:\/\/lezajsk.przemyska.pl\/index.php?rest_route=\/wp\/v2\/posts\/232\/revisions"}],"predecessor-version":[{"id":233,"href":"https:\/\/lezajsk.przemyska.pl\/index.php?rest_route=\/wp\/v2\/posts\/232\/revisions\/233"}],"wp:attachment":[{"href":"https:\/\/lezajsk.przemyska.pl\/index.php?rest_route=%2Fwp%2Fv2%2Fmedia&parent=232"}],"wp:term":[{"taxonomy":"category","embeddable":true,"href":"https:\/\/lezajsk.przemyska.pl\/index.php?rest_route=%2Fwp%2Fv2%2Fcategories&post=232"},{"taxonomy":"post_tag","embeddable":true,"href":"https:\/\/lezajsk.przemyska.pl\/index.php?rest_route=%2Fwp%2Fv2%2Ftags&post=232"}],"curies":[{"name":"wp","href":"https:\/\/api.w.org\/{rel}","templated":true}]}}