
{"id":229,"date":"2017-02-19T20:31:19","date_gmt":"2017-02-19T19:31:19","guid":{"rendered":"http:\/\/lezajsk.przemyska.pl\/?p=229"},"modified":"2017-02-19T20:31:19","modified_gmt":"2017-02-19T19:31:19","slug":"wierzyc-w-chrystusa-znaczy-pragac-jednosci","status":"publish","type":"post","link":"https:\/\/lezajsk.przemyska.pl\/?p=229","title":{"rendered":"&#8222;Wierzy\u0107 w Chrystusa, znaczy prag\u0105\u0107 jedno\u015bci&#8221;"},"content":{"rendered":"<p>Te s\u0142owa wypowiedzia\u0142 Jan Pawe\u0142 II 10 czerwca 1999 r. w Drohiczynie. Podkre\u015bli\u0142 i\u017c wiara cz\u0142owieka budowana jest w wsp\u00f3lnocie, kt\u00f3r\u0105 \u0142\u0105czy wzajemna mi\u0142o\u015b\u0107, szacunek a fundamentem tej jedno\u015bci jest sam B\u00f3g.<\/p>\n<p>Wsp\u00f3lnota, kt\u00f3r\u0105 za\u0142o\u017cy\u0142 s\u0142uga Bo\u017cy ks. Franciszek Blachnicki jest przyk\u0142adem w jaki spos\u00f3b mo\u017cna \u017cy\u0107, aby w \u015brodowisku r\u00f3wie\u015bniczym, rodzinnym, budowa\u0107 jedno\u015b\u0107. 9 kwietnia2011 roku w Parafii pw. Naj\u015bwi\u0119tszej Maryi Panny Kr\u00f3lowej Polski w Nowej Sarzynie, mogli\u015bmy do\u015bwiadczy\u0107 podczas dnia wsp\u00f3lnoty, Ruch \u015awiat\u0142o \u017bycie\u00a0si\u0142\u0119 i moc jedno\u015bci p\u0142yn\u0105cej ze wsp\u00f3lnej modlitwy oraz przebywania ze sob\u0105 razem przy eucharystycznym stole. Zdj\u0119cia w galerii.<\/p>\n","protected":false},"excerpt":{"rendered":"<p>Te s\u0142owa wypowiedzia\u0142 Jan Pawe\u0142 II 10 czerwca 1999 r. w Drohiczynie. Podkre\u015bli\u0142 i\u017c wiara cz\u0142owieka budowana jest w wsp\u00f3lnocie, kt\u00f3r\u0105 \u0142\u0105czy wzajemna mi\u0142o\u015b\u0107, szacunek a fundamentem tej jedno\u015bci jest sam B\u00f3g. Wsp\u00f3lnota, kt\u00f3r\u0105 za\u0142o\u017cy\u0142 s\u0142uga Bo\u017cy ks. Franciszek Blachnicki jest przyk\u0142adem w jaki spos\u00f3b mo\u017cna \u017cy\u0107, aby w \u015brodowisku r\u00f3wie\u015bniczym, rodzinnym, budowa\u0107 jedno\u015b\u0107. 9 [&hellip;]<\/p>\n","protected":false},"author":1,"featured_media":230,"comment_status":"closed","ping_status":"open","sticky":false,"template":"","format":"standard","meta":[],"categories":[12],"tags":[],"_links":{"self":[{"href":"https:\/\/lezajsk.przemyska.pl\/index.php?rest_route=\/wp\/v2\/posts\/229"}],"collection":[{"href":"https:\/\/lezajsk.przemyska.pl\/index.php?rest_route=\/wp\/v2\/posts"}],"about":[{"href":"https:\/\/lezajsk.przemyska.pl\/index.php?rest_route=\/wp\/v2\/types\/post"}],"author":[{"embeddable":true,"href":"https:\/\/lezajsk.przemyska.pl\/index.php?rest_route=\/wp\/v2\/users\/1"}],"replies":[{"embeddable":true,"href":"https:\/\/lezajsk.przemyska.pl\/index.php?rest_route=%2Fwp%2Fv2%2Fcomments&post=229"}],"version-history":[{"count":1,"href":"https:\/\/lezajsk.przemyska.pl\/index.php?rest_route=\/wp\/v2\/posts\/229\/revisions"}],"predecessor-version":[{"id":231,"href":"https:\/\/lezajsk.przemyska.pl\/index.php?rest_route=\/wp\/v2\/posts\/229\/revisions\/231"}],"wp:featuredmedia":[{"embeddable":true,"href":"https:\/\/lezajsk.przemyska.pl\/index.php?rest_route=\/wp\/v2\/media\/230"}],"wp:attachment":[{"href":"https:\/\/lezajsk.przemyska.pl\/index.php?rest_route=%2Fwp%2Fv2%2Fmedia&parent=229"}],"wp:term":[{"taxonomy":"category","embeddable":true,"href":"https:\/\/lezajsk.przemyska.pl\/index.php?rest_route=%2Fwp%2Fv2%2Fcategories&post=229"},{"taxonomy":"post_tag","embeddable":true,"href":"https:\/\/lezajsk.przemyska.pl\/index.php?rest_route=%2Fwp%2Fv2%2Ftags&post=229"}],"curies":[{"name":"wp","href":"https:\/\/api.w.org\/{rel}","templated":true}]}}