
{"id":224,"date":"2017-02-19T20:05:47","date_gmt":"2017-02-19T19:05:47","guid":{"rendered":"http:\/\/lezajsk.przemyska.pl\/?p=224"},"modified":"2017-02-19T20:05:47","modified_gmt":"2017-02-19T19:05:47","slug":"ewangelizacja","status":"publish","type":"post","link":"https:\/\/lezajsk.przemyska.pl\/?p=224","title":{"rendered":"Ewangelizacja"},"content":{"rendered":"<div><i>\u00ab Ja jestem drog\u0105 i prawd\u0105, i \u017cyciem&#8230;\u00bb (J 14, 6)<\/i>\n<\/div>\n<div>\u00a0\u00a0\u00a0\u00a0\u00a0\u00a0\u00a0\u00a0\u00a0\u00a0\u00a0 W dniach 7-9.02.2011r. odby\u0142y si\u0119 spotkania ewangelizacyjne dla klas gimnazjum (I-III) przygotowuj\u0105cych si\u0119 do bierzmowania. Ewangelizacja przygotowana i prowadzona by\u0142a przez wsp\u00f3lnot\u0119 oazow\u0105 dzia\u0142aj\u0105c\u0105 przy naszej parafii. Nad ca\u0142o\u015bci\u0105 czuwa\u0142 ks. Pawe\u0142 Polasz, Moderator oazy. Spotkania odbywa\u0142y si\u0119 o godzinie 16:30 i poprzedzone by\u0142y kr\u00f3tkim wprowadzeniem. Nast\u0119pnie przedstawiona by\u0142a kr\u00f3tka pantomima nawi\u0105zuj\u0105ca do grzechu pierwszych rodzic\u00f3w, czyli Adama i Ewy. Ca\u0142o\u015b\u0107 ko\u0144czy\u0142a przygotowana przez oazowicz\u00f3w prezentacja, dzi\u0119ki kt\u00f3rej m\u0142odzie\u017c mog\u0142a pozna\u0107 g\u0142\u00f3wne informacje na temat Ruchu \u015awiat\u0142o-\u017bycie w Polsce \u2013 jego g\u0142\u00f3wnych cel\u00f3w i za\u0142o\u017ce\u0144 oraz rys biograficzny za\u0142o\u017cyciela, czyli ks. Franciszka Blachnickiego. Ponadto gimnazjali\u015bci mieli okazj\u0119 dowiedzie\u0107 si\u0119 o tym, jak wygl\u0105da praca naszej wsp\u00f3lnoty w parafii oraz obejrze\u0107 zdj\u0119cia z wyjazd\u00f3w, rekolekcji i zabaw przez ni\u0105 organizowanych. Spotkania przebiega\u0142y w atmosferze rado\u015bci i otwarto\u015bci na drugiego cz\u0142owieka.<\/div>\n","protected":false},"excerpt":{"rendered":"<p>\u00ab Ja jestem drog\u0105 i prawd\u0105, i \u017cyciem&#8230;\u00bb (J 14, 6) \u00a0\u00a0\u00a0\u00a0\u00a0\u00a0\u00a0\u00a0\u00a0\u00a0\u00a0 W dniach 7-9.02.2011r. odby\u0142y si\u0119 spotkania ewangelizacyjne dla klas gimnazjum (I-III) przygotowuj\u0105cych si\u0119 do bierzmowania. Ewangelizacja przygotowana i prowadzona by\u0142a przez wsp\u00f3lnot\u0119 oazow\u0105 dzia\u0142aj\u0105c\u0105 przy naszej parafii. Nad ca\u0142o\u015bci\u0105 czuwa\u0142 ks. Pawe\u0142 Polasz, Moderator oazy. Spotkania odbywa\u0142y si\u0119 o godzinie 16:30 i poprzedzone [&hellip;]<\/p>\n","protected":false},"author":1,"featured_media":0,"comment_status":"closed","ping_status":"open","sticky":false,"template":"","format":"standard","meta":[],"categories":[12],"tags":[],"_links":{"self":[{"href":"https:\/\/lezajsk.przemyska.pl\/index.php?rest_route=\/wp\/v2\/posts\/224"}],"collection":[{"href":"https:\/\/lezajsk.przemyska.pl\/index.php?rest_route=\/wp\/v2\/posts"}],"about":[{"href":"https:\/\/lezajsk.przemyska.pl\/index.php?rest_route=\/wp\/v2\/types\/post"}],"author":[{"embeddable":true,"href":"https:\/\/lezajsk.przemyska.pl\/index.php?rest_route=\/wp\/v2\/users\/1"}],"replies":[{"embeddable":true,"href":"https:\/\/lezajsk.przemyska.pl\/index.php?rest_route=%2Fwp%2Fv2%2Fcomments&post=224"}],"version-history":[{"count":1,"href":"https:\/\/lezajsk.przemyska.pl\/index.php?rest_route=\/wp\/v2\/posts\/224\/revisions"}],"predecessor-version":[{"id":225,"href":"https:\/\/lezajsk.przemyska.pl\/index.php?rest_route=\/wp\/v2\/posts\/224\/revisions\/225"}],"wp:attachment":[{"href":"https:\/\/lezajsk.przemyska.pl\/index.php?rest_route=%2Fwp%2Fv2%2Fmedia&parent=224"}],"wp:term":[{"taxonomy":"category","embeddable":true,"href":"https:\/\/lezajsk.przemyska.pl\/index.php?rest_route=%2Fwp%2Fv2%2Fcategories&post=224"},{"taxonomy":"post_tag","embeddable":true,"href":"https:\/\/lezajsk.przemyska.pl\/index.php?rest_route=%2Fwp%2Fv2%2Ftags&post=224"}],"curies":[{"name":"wp","href":"https:\/\/api.w.org\/{rel}","templated":true}]}}