
{"id":219,"date":"2017-02-18T23:24:30","date_gmt":"2017-02-18T22:24:30","guid":{"rendered":"http:\/\/lezajsk.przemyska.pl\/?p=219"},"modified":"2017-02-18T23:24:33","modified_gmt":"2017-02-18T22:24:33","slug":"vii-niedziela-zw-19-02-2017-r","status":"publish","type":"post","link":"https:\/\/lezajsk.przemyska.pl\/?p=219","title":{"rendered":"VII Niedziela zw. (19.02.2017 r.)"},"content":{"rendered":"<ol>\n<li>Dzi\u015b zapraszamy jeszcze na <strong>nieszpory niedzielne o\u00a0godz. 17.30.<\/strong><\/li>\n<li>Jutro po Mszy \u015bw.<strong> wieczornej spotkanie Akcji Katolickiej, <\/strong>na kt\u00f3re wszystkich cz\u0142onk\u00f3w, kandydat\u00f3w jak i\u00a0sympatyk\u00f3w serdecznie zapraszamy.<\/li>\n<li><strong>Zbi\u00f3rka lektor\u00f3w<\/strong>, wtorek, godz. 15.30.<\/li>\n<li>We \u015brod\u0119, liturgiczne <strong>\u015bwi\u0119to Katedry \u015bw. Piotra Aposto\u0142a<\/strong>.<\/li>\n<li>W <strong>Siewcy<\/strong> do nabycia prasa i publikacje katolickie. Za\u015b dzieci z m\u0142odszej Oazy Dzieci Bo\u017cych b\u0119d\u0105 dzi\u015b przed po\u0142udniem kontynuowa\u0107 rozprowadzanie <strong>okoliczno\u015bciowych parafialnych kubk\u00f3w<\/strong> a\u00a0ca\u0142ych doch\u00f3d z\u00a0ich sprzeda\u017cy zasili ich fundusz wycieczkowy \u2013 serdecznie polecamy.<\/li>\n<li>Parafia OO Bernardyn\u00f3w zaprasza na <strong>XXVI Bernardy\u0144skie Rekolekcje Pomocy Rodzinom Dysfunkcyjnym<\/strong>, szczeg\u00f3\u0142y dla zainteresowanych na tablicy og\u0142osze\u0144.<\/li>\n<li>Przypominamy \u017ce dzi\u015b w \u00a0niedziel\u0119 19 lutego, m\u0142odzie\u017c z Zespo\u0142u Szk\u00f3\u0142 Technicznych w\u00a0Le\u017cajsku zaprasza na <strong>Koncert Karnawa\u0142owy<\/strong> do Franciszka\u0144skiego O\u015brodka Kultury. Pocz\u0105tek, godz. 17.00. Za\u015b spo\u0142eczno\u015b\u0107 szkolna naszego Gimnazjum Miejskiego w\u00a0Le\u017cajsku zaprasza jutro w poniedzia\u0142ek na <strong>Koncert Szko\u0142a Marze\u0144<\/strong>\u00a0 w Sali MCK-u. Pocz\u0105tek, godz. 17.00. Szczeg\u00f3\u0142y na tablicy og\u0142osze\u0144.<\/li>\n<li>Za tydzie\u0144, w <strong>niedziel\u0119 26 lutego<\/strong> o godz. 12.00, spod budynku Muzeum Ziemi Le\u017cajskiej wyruszy <strong>bieg \u201eTropem Wilczym \u2013 Le\u017cajsk 2017\u201d<\/strong>, kt\u00f3rego celem jest oddanie ho\u0142du \u017bo\u0142nierzom Wykl\u0119tym. R\u00f3wnocze\u015bnie w mobilnym punkcie poboru krwi, b\u0119dzie mo\u017cna odda\u0107 honorowo krew w godz. od 9.00 do 13.00. Szczeg\u00f3\u0142y na tablicy og\u0142osze\u0144.<\/li>\n<\/ol>\n<p><!--more--><\/p>\n<p><strong>Intencje zbiorowe:<\/strong><\/p>\n<p>&nbsp;<\/p>\n<ul>\n<li>Za \u015bp. Eugeniusza Mendyka \u2013 intencja od pracownik\u00f3w sklepu SAM nr 2 \u2013 poniedzia\u0142ek, godz, 6.30, od Sp\u00f3\u0142dzielni JEDNO\u015a\u0106 z Rzeszowa \u2013 wtorek, godz. 6.30, od pracownik\u00f3w sklepu nr 24 \u2013 czwartek, godz. 18.00, od pracownik\u00f3w Sp\u00f3\u0142dzielczego Domu Handlowego nr 1 \u2013 pi\u0105tek, godz. 18.00, od pracownik\u00f3w Sp\u00f3\u0142dzielczego Domu Handlowego nr 2 \u2013 sobota, godz. 7.30 i od zarz\u0105du firmy TIFOTEX \u2013 niedziela, godz. 18.00.<\/li>\n<li>Za \u015bp. Karola Brudniaka \u2013 intencja od s\u0105siad\u00f3w z ul. Sandomierskiej \u2013 poniedzia\u0142ek, wtorek, \u015broda i czwartek, godz. 7.30 i sobota, godz. 18.00 oraz od pracownik\u00f3w NZOZ \u2013 Lekarz Rodzinny w Le\u017cajsku \u2013 poniedzia\u0142ek, godz. 18.00.<\/li>\n<li>W intencji nowennowych pr\u00f3\u015bb i podzi\u0119kowa\u0144 do MB Pocieszenia \u2013 \u015broda, godz. 18.00.<\/li>\n<li>Za \u015bp. Mari\u0119 Majder \u2013 intencja od kole\u017canek i koleg\u00f3w z Gimnazjum Miejskiego w\u00a0Le\u017cajsku \u2013 pi\u0105tek, godz. 7.30.<\/li>\n<li>Za \u015bp. Aureli\u0119 Mi\u015bkiewicz \u2013 intencja od s\u0105siad\u00f3w z klatki \u2013 pi\u0105tek, godz. 18.00.<\/li>\n<\/ul>\n<p>&nbsp;<\/p>\n<p>W ostatnim tygodniu odszed\u0142 od nas do wieczno\u015bci <strong>\u015bp. Les\u0142aw Golenia <\/strong>z ul. Ogrodowej \u2013 wieczny odpoczynek \u2026..<\/p>\n","protected":false},"excerpt":{"rendered":"<p>Dzi\u015b zapraszamy jeszcze na nieszpory niedzielne o\u00a0godz. 17.30. Jutro po Mszy \u015bw. wieczornej spotkanie Akcji Katolickiej, na kt\u00f3re wszystkich cz\u0142onk\u00f3w, kandydat\u00f3w jak i\u00a0sympatyk\u00f3w serdecznie zapraszamy. Zbi\u00f3rka lektor\u00f3w, wtorek, godz. 15.30. We \u015brod\u0119, liturgiczne \u015bwi\u0119to Katedry \u015bw. Piotra Aposto\u0142a. W Siewcy do nabycia prasa i publikacje katolickie. Za\u015b dzieci z m\u0142odszej Oazy Dzieci Bo\u017cych b\u0119d\u0105 dzi\u015b [&hellip;]<\/p>\n","protected":false},"author":1,"featured_media":0,"comment_status":"closed","ping_status":"open","sticky":false,"template":"","format":"standard","meta":[],"categories":[5],"tags":[],"_links":{"self":[{"href":"https:\/\/lezajsk.przemyska.pl\/index.php?rest_route=\/wp\/v2\/posts\/219"}],"collection":[{"href":"https:\/\/lezajsk.przemyska.pl\/index.php?rest_route=\/wp\/v2\/posts"}],"about":[{"href":"https:\/\/lezajsk.przemyska.pl\/index.php?rest_route=\/wp\/v2\/types\/post"}],"author":[{"embeddable":true,"href":"https:\/\/lezajsk.przemyska.pl\/index.php?rest_route=\/wp\/v2\/users\/1"}],"replies":[{"embeddable":true,"href":"https:\/\/lezajsk.przemyska.pl\/index.php?rest_route=%2Fwp%2Fv2%2Fcomments&post=219"}],"version-history":[{"count":2,"href":"https:\/\/lezajsk.przemyska.pl\/index.php?rest_route=\/wp\/v2\/posts\/219\/revisions"}],"predecessor-version":[{"id":221,"href":"https:\/\/lezajsk.przemyska.pl\/index.php?rest_route=\/wp\/v2\/posts\/219\/revisions\/221"}],"wp:attachment":[{"href":"https:\/\/lezajsk.przemyska.pl\/index.php?rest_route=%2Fwp%2Fv2%2Fmedia&parent=219"}],"wp:term":[{"taxonomy":"category","embeddable":true,"href":"https:\/\/lezajsk.przemyska.pl\/index.php?rest_route=%2Fwp%2Fv2%2Fcategories&post=219"},{"taxonomy":"post_tag","embeddable":true,"href":"https:\/\/lezajsk.przemyska.pl\/index.php?rest_route=%2Fwp%2Fv2%2Ftags&post=219"}],"curies":[{"name":"wp","href":"https:\/\/api.w.org\/{rel}","templated":true}]}}