
{"id":19809,"date":"2026-04-25T22:27:09","date_gmt":"2026-04-25T20:27:09","guid":{"rendered":"https:\/\/lezajsk.przemyska.pl\/?p=19809"},"modified":"2026-04-26T08:00:32","modified_gmt":"2026-04-26T06:00:32","slug":"iv-niedziela-wielkanocna-26-04-2026-r","status":"publish","type":"post","link":"https:\/\/lezajsk.przemyska.pl\/?p=19809","title":{"rendered":"IV Niedziela Wielkanocna &#8211; 26.04.2026 r."},"content":{"rendered":"<ol>\n<li>Dzi\u015b <strong>Niedziela Dobrego Pasterza<\/strong>, kt\u00f3ra rozpoczyna <strong>Tydzie\u0144 Modlitw o\u00a0powo\u0142ania kap\u0142a\u0144skie i\u00a0zakonne<\/strong>. Zatem ka\u017cdego dnia, rozpocz\u0119tego dzi\u015b tygodnia, wspierajmy modlitw\u0105 powo\u0142anych do kap\u0142a\u0144stwa czy \u017cycia zakonnego, i m\u00f3dlmy si\u0119 o dar nowych, \u015bwi\u0119tych powo\u0142a\u0144, tak\u017ce z naszej wsp\u00f3lnoty. Dlatego dzi\u015b w czasie nabo\u017ce\u0144stwa eucharystycznego z modlitw\u0105 r\u00f3\u017ca\u0144cow\u0105 o godz. 17.30, b\u0119dziemy modli\u0107 si\u0119 o nowe powo\u0142ania kap\u0142a\u0144skie i zakonne.<\/li>\n<li><strong>W pi\u0105tek rozpoczynamy nabo\u017ce\u0144stwa majowe<\/strong>. W tygodniu nabo\u017ce\u0144stwa b\u0119d\u0105 si\u0119 rozpoczyna\u0107 o <strong> 18.00<\/strong> i poprzedza\u0107 wieczorn\u0105 Msz\u0119 \u015bw. a w niedziele i \u015bwi\u0119ta o\u00a0godz. 17.30. Wszystkich czcicieli Matki Bo\u017cej serdecznie zapraszamy do udzia\u0142u w\u00a0tych\u017ce nabo\u017ce\u0144stwach.<\/li>\n<li>W tym tygodniu przypada tak\u017ce<strong> I pi\u0105tek i I sobota miesi\u0105ca.<\/strong> Adoracja Naj\u015bwi\u0119tszego Sakramentu wieczorem w pi\u0105tek do godz. 20.00. Spowied\u017a w\u00a0pi\u0105tek od godz. 17.00.<\/li>\n<li><strong>Odwiedziny chorych w domach z Komuni\u0105 \u015bw<\/strong>. <strong>w pi\u0105tek<\/strong> od godz. 9.00.<\/li>\n<li>Arcybiskup Metropolita Przemyski Adam Szal udzieli\u0142 wszystkim wiernym na terenie ca\u0142ej Archidiecezji, <strong>dyspensy od spo\u017cywania posi\u0142k\u00f3w mi\u0119snych w pi\u0105tek 1 maja<\/strong>. Korzystaj\u0105cych z dyspensy zach\u0119ca do z\u0142o\u017cenia ofiary na rzecz Caritas b\u0105d\u017a misji.<\/li>\n<li>W sobot\u0119<strong> 2 maja, zgodnie z decyzj\u0105 KEP b\u0119dziemy \u015bwi\u0119towa\u0107<\/strong> <strong>Uroczysto\u015b\u0107 MB Kr\u00f3lowej Polski, <\/strong>przeniesion\u0105 z 3 maja, poniewa\u017c niedziela wielkanocna nie dopuszcza \u017cadnych innych uroczysto\u015bci. Dlatego w sobot\u0119 porz\u0105dek Mszy \u015bw. i nabo\u017ce\u0144stwo tak jak w\u00a0ka\u017cd\u0105 niedziel\u0119.<\/li>\n<li>Tak\u017ce w sobot\u0119 wszystkich czcicieli Matki Bo\u017cej, zapraszamy na kolejne <strong>nabo\u017ce\u0144stwo I\u00a0soboty<\/strong>, wynagradzaj\u0105ce Niepokalanemu Sercu NMP, po\u0142\u0105czone z maj\u00f3wk\u0105 i\u00a0modlitw\u0105 r\u00f3\u017ca\u0144cow\u0105. <strong><u>Uwaga; nabo\u017ce\u0144stwo w sobot\u0119 o godz. 17.00<\/u><\/strong>. Tego te\u017c dnia <strong>po Mszy \u015bw. o\u00a0godz. 18.00<\/strong> odb\u0119dzie si\u0119 kolejny w naszej parafii <strong> \u201eM\u0119ski R\u00f3\u017caniec\u201d<\/strong>. Na to wyj\u0105tkowe nabo\u017ce\u0144stwo i wieczorn\u0105 procesj\u0119 r\u00f3\u017ca\u0144cow\u0105 ju\u017c dzi\u015b zapraszamy wszystkich m\u0119\u017cczyzn, niezale\u017cnie od wieku.<\/li>\n<li>W niedziel\u0119 <strong>3 Maja Msza \u015bw. o\u00a0godz. 11.30 w\u00a0intencji naszej Ojczyzny<\/strong>, b\u0119dzie po\u0142\u0105czona z miejskimi obchodami kolejnej <strong>rocznicy Uchwalenia Konstytucji 3 Maja<\/strong>. Po Mszy \u015bw. przemarsz na Rynek naszego miasta a tam cd. Uroczysto\u015bci, w tym z\u0142o\u017cenie przyrzeczenia strzeleckiego przez m\u0142odzie\u017c klas mundurowych Zespo\u0142u Szk\u00f3\u0142 Licealnych w Le\u017cajsku, na historyczny Sztandar Zwi\u0105zku Strzeleckiego po\u015bwi\u0119cony w 1927 roku.<\/li>\n<li>Tak\u017ce w niedziel\u0119 przypada <strong>dzie\u0144 imienin naszej s. Marii<\/strong> \u2013 prze\u0142o\u017conej domu i\u00a0dyrektorki przedszkola. Zatem Siostrze Marii jak i\u00a0licznym solenizantkom, sk\u0142adamy najlepsze \u017cyczenia i\u00a0obiecujemy modlitw\u0119.<\/li>\n<li>Parafia OO. Bernardyn\u00f3w, zaprasza do udzia\u0142u w <strong>pielgrzymce do Asy\u017cu i miejsc zwi\u0105zanych ze \u015bw. Franciszkiem w dniach 5-8 czerwca<\/strong>. Wi\u0119cej informacji u OO. Bernardyn\u00f3w.<\/li>\n<li>Rozpoczynaj\u0105 si\u0119 prace remontowe przy wymianie okien i renowacji istniej\u0105cych b\u0105d\u017a instalacji nowych witra\u017cy w naszej Farze. St\u0105d prosimy o\u00a0cierpliwo\u015b\u0107 i wyrozumia\u0142o\u015b\u0107 w\u00a0zwi\u0105zku z obecno\u015bci\u0105 w ko\u015bciele rusztowa\u0144.<\/li>\n<li><strong>W Siewcy<\/strong> przed po\u0142udniem do nabycia <strong>prasa i publikacje katolickie.<\/strong><\/li>\n<\/ol>\n<p><strong>\u00a0<\/strong><strong><u>Intencje zbiorowe: <\/u><\/strong><\/p>\n<ul>\n<li>Z R\u00f3\u017cy \u015bw. Jana Paw\u0142a II \u2013 poniedzia\u0142ek, godz. 18.00 i sobota, godz. 8.30.<\/li>\n<li>Za \u015bp. Dariusza Gom\u00f3\u0142k\u0119 \u2013 intencja od s\u0105siad\u00f3w z klatki, ul. Kopernika 3 \u2013 wtorek, godz. 18.00.<\/li>\n<li>W intencji nowennowych pr\u00f3\u015bb i podzi\u0119kowa\u0144 do MB Pocieszenia \u2013 \u015broda, godz. 18.00.<\/li>\n<li>Za \u015bp. Romana Ra\u017anikiewicza \u2013 intencja od s\u0105siad\u00f3w z ul. \u015aw. Kr\u00f3lowej Jadwigi \u2013 czwartek, godz. 7.00.<\/li>\n<li>Za \u015bp. Janin\u0119 Czop \u2013 intencja od mieszka\u0144c\u00f3w ul. Moniuszki \u2013 czwartek, godz. 18.00.<\/li>\n<li>Msze \u015bw. gregoria\u0144skie za \u015bp. Stanis\u0142awa Kordasa \u2013 pocz\u0105tek, pi\u0105tek, godz. 6.30.<\/li>\n<li>Z intencji Stra\u017cy Honorowej NSPJ \u2013 pi\u0105tek, godz. 18.00.<\/li>\n<li>Wynagradzaj\u0105ca Niepokalanemu Sercu NMP z intencji Bractwa Szkaplerza \u015awi\u0119tego i R\u00f3\u017c R\u00f3\u017ca\u0144cowych \u2013 sobota, godz. 18.00.<\/li>\n<li>Za \u015bp. Krystyn\u0119 Paw\u0142\u00f3w \u2013 intencja od s\u0105siad\u00f3w \u2013 sobota, godz. 9.30 w MK.<\/li>\n<li>Za \u015bp. Krystyn\u0119 Fogiel \u2013 intencja od s\u0105siad\u00f3w z klatki \u2013 sobota, godz. 11.00 w MK.<\/li>\n<li>Z R\u00f3\u017cy \u015bw. \u0141ukasza \u2013 niedziela, godz. 8.30.<\/li>\n<li>Z R\u00f3\u017cy \u015bw. Kazimierza \u2013 niedziela, godz. 10.00.<\/li>\n<li>W intencji Ojczyzny \u2013 niedziela, godz. 11.30.<\/li>\n<li>Za \u015bp. Zofi\u0119 Hebda \u2013 intencja od wsp\u00f3\u0142pracownik\u00f3w syna Henryka ze Sp\u00f3\u0142ki Stare Miasto Park \u2013 niedziela, godz. 18.00.<\/li>\n<\/ul>\n<p>W ostatnim tygodniu odesz\u0142a od nas do wieczno\u015bci <strong>\u015bp. Maria So\u0142ek<\/strong> z ul. Kopernika \u2013 wieczny odpoczynek \u2026<\/p>\n","protected":false},"excerpt":{"rendered":"<p>Dzi\u015b Niedziela Dobrego Pasterza, kt\u00f3ra rozpoczyna Tydzie\u0144 Modlitw o\u00a0powo\u0142ania kap\u0142a\u0144skie i\u00a0zakonne. Zatem ka\u017cdego dnia, rozpocz\u0119tego dzi\u015b tygodnia, wspierajmy modlitw\u0105 powo\u0142anych do kap\u0142a\u0144stwa czy \u017cycia zakonnego, i m\u00f3dlmy si\u0119 o dar nowych, \u015bwi\u0119tych powo\u0142a\u0144, tak\u017ce z naszej wsp\u00f3lnoty. Dlatego dzi\u015b w czasie nabo\u017ce\u0144stwa eucharystycznego z modlitw\u0105 r\u00f3\u017ca\u0144cow\u0105 o godz. 17.30, b\u0119dziemy modli\u0107 si\u0119 o nowe powo\u0142ania [&hellip;]<\/p>\n","protected":false},"author":4,"featured_media":0,"comment_status":"closed","ping_status":"open","sticky":false,"template":"","format":"standard","meta":[],"categories":[5],"tags":[],"_links":{"self":[{"href":"https:\/\/lezajsk.przemyska.pl\/index.php?rest_route=\/wp\/v2\/posts\/19809"}],"collection":[{"href":"https:\/\/lezajsk.przemyska.pl\/index.php?rest_route=\/wp\/v2\/posts"}],"about":[{"href":"https:\/\/lezajsk.przemyska.pl\/index.php?rest_route=\/wp\/v2\/types\/post"}],"author":[{"embeddable":true,"href":"https:\/\/lezajsk.przemyska.pl\/index.php?rest_route=\/wp\/v2\/users\/4"}],"replies":[{"embeddable":true,"href":"https:\/\/lezajsk.przemyska.pl\/index.php?rest_route=%2Fwp%2Fv2%2Fcomments&post=19809"}],"version-history":[{"count":3,"href":"https:\/\/lezajsk.przemyska.pl\/index.php?rest_route=\/wp\/v2\/posts\/19809\/revisions"}],"predecessor-version":[{"id":19812,"href":"https:\/\/lezajsk.przemyska.pl\/index.php?rest_route=\/wp\/v2\/posts\/19809\/revisions\/19812"}],"wp:attachment":[{"href":"https:\/\/lezajsk.przemyska.pl\/index.php?rest_route=%2Fwp%2Fv2%2Fmedia&parent=19809"}],"wp:term":[{"taxonomy":"category","embeddable":true,"href":"https:\/\/lezajsk.przemyska.pl\/index.php?rest_route=%2Fwp%2Fv2%2Fcategories&post=19809"},{"taxonomy":"post_tag","embeddable":true,"href":"https:\/\/lezajsk.przemyska.pl\/index.php?rest_route=%2Fwp%2Fv2%2Ftags&post=19809"}],"curies":[{"name":"wp","href":"https:\/\/api.w.org\/{rel}","templated":true}]}}