
{"id":19557,"date":"2026-03-07T22:06:48","date_gmt":"2026-03-07T21:06:48","guid":{"rendered":"https:\/\/lezajsk.przemyska.pl\/?p=19557"},"modified":"2026-03-07T22:06:48","modified_gmt":"2026-03-07T21:06:48","slug":"iii-niedziela-wielkiego-postu-08-03-2026-r","status":"publish","type":"post","link":"https:\/\/lezajsk.przemyska.pl\/?p=19557","title":{"rendered":"III Niedziela Wielkiego Postu &#8211; 08.03.2026 r."},"content":{"rendered":"<ol>\n<li>Bardzo serdecznie dzi\u0119kujemy <strong> Rafa\u0142owi Opali\u0144skiemu<\/strong><strong>,<\/strong> za dzisiejsz\u0105 obecno\u015b\u0107 i\u00a0podzielenie si\u0119 z nami swoimi do\u015bwiadczeniami z pracy na rzecz dzieci i m\u0142odzie\u017cy w\u00a0ramach <strong>Fundacji Dzieci \u2013 Dzieciom i programu Talentowskaz<\/strong>. Niech Dobry B\u00f3g Panu Rafa\u0142owi hojnie b\u0142ogos\u0142awi a\u00a0Matka Bo\u017ca Pocieszenia, Pani Le\u017cajska otacza\u00a0swoj\u0105 przemo\u017cn\u0105 opiek\u0105.<\/li>\n<li>Dzi\u015b zapraszamy jeszcze na nabo\u017ce\u0144stwo <strong>Gorzkich \u017bali z kazaniem pasyjnym<\/strong> w\u00a0obu ko\u015bcio\u0142ach na godz. 17.00.<\/li>\n<li>Dzi\u015b tak\u017ce <strong>Dzie\u0144 Kobiet<\/strong>. Wszystkim Paniom sk\u0142adamy najlepsze \u017cyczenia a\u00a0wszystkich m\u0119\u017cczyzn zach\u0119camy do permanentnej \u017cyczliwo\u015bci i wdzi\u0119cznej modlitwy w\u00a0intencji wszystkich naszych Pa\u0144.<\/li>\n<li>We wtorek <strong>nowenna do \u015bw. Antoniego<\/strong>. Pro\u015bby i podzi\u0119kowania sk\u0142adamy przy figurze \u015bwi\u0119tego a po nowennie b\u0142ogos\u0142awie\u0144stwo dzieci. Wtedy te\u017c rozpoczniemy <strong>nowenn\u0119 przed Uroczysto\u015bci\u0105 \u015bw. J\u00f3zefa.<\/strong><\/li>\n<li>Tak\u017ce we wtorek po Mszy \u015bw. spotkanie <strong>Stra\u017cy Honorowej NSPJ<\/strong>.<\/li>\n<li>W \u015brod\u0119 spotkanie <strong>Bractwa Szkaplerza \u015awi\u0119tego.<\/strong><\/li>\n<li>W tym tygodniu <strong>kolejne spotkania dla kandydat\u00f3w do bierzmowania<\/strong>. Szczeg\u00f3\u0142y dla zainteresowanych na stronie parafialnej w zak\u0142adce \u201ebierzmowanie\u201d.<\/li>\n<li>W pi\u0105tek nabo\u017ce\u0144stwo <strong>Drogi Krzy\u017cowej<\/strong> rano o godz.<strong>30<\/strong>, popo\u0142udniu <strong>o godz.16.00 dla dzieci a nast\u0119pnie, o godz. 17.30 i 20.00.<\/strong><\/li>\n<li>W dalszym ci\u0105gu mo\u017cna do\u0142\u0105czy\u0107 do uczestnik\u00f3w <strong>\u201eKursu Alpha\u201d<\/strong>, <strong>kt\u00f3ry rozpocz\u0105\u0142 si\u0119 w naszej parafii. <\/strong>Szczeg\u00f3\u0142y na tablicy og\u0142osze\u0144 i w mediach spo\u0142eczno\u015bciowych.<\/li>\n<li>W imieniu <strong>Zarz\u0105du MZKS Pogo\u0144 Le\u017cajsk<\/strong> zapraszamy dzia\u0142aczy, trener\u00f3w, rodzic\u00f3w, zawodnik\u00f3w i wszystkich sympatyk\u00f3w klubu na <strong>Msz\u0119 \u015awi\u0119t\u0105 inauguruj\u0105c\u0105 pi\u0142karsk\u0105 rund\u0119 wiosenn\u0105<\/strong>, kt\u00f3ra zostanie odprawiona w naszej Farze, w niedziel\u0119 15 marca br. o\u00a0godz. 16.00.<\/li>\n<li><strong>Caritas Archidiecezji Przemyskiej Oddzia\u0142 Le\u017cajsk<\/strong> w ramach akcji \u201eTak Pomagam\u201d\u00a0 organizuje\u00a0<strong>zbi\u00f3rk\u0119 \u017cywno\u015bci w sklepach na terenie Le\u017cajska w dniach 13 i 14 marca br<\/strong>.\u00a0Zebrana \u017cywno\u015b\u0107,\u00a0zostanie wykorzystana do przygotowywania posi\u0142k\u00f3w w\u00a0o\u015brodku Caritas oraz paczek dla os\u00f3b potrzebuj\u0105cych.<\/li>\n<li>W dalszym ci\u0105gu, zapraszamy na parafialny pokaz filmu <strong> \u201eNaj\u015bwi\u0119tsze Serce\u201d<\/strong>. Jest to film inspirowany objawieniami \u015bw. Ma\u0142gorzaty Marii Alacoque, opowiadaj\u0105cy o\u00a0kulcie Naj\u015bwi\u0119tszego Serca Jezusowego oraz ukazuj\u0105cy, jak wiara pomaga odnale\u017a\u0107 sens w \u015bwiecie pe\u0142nym samotno\u015bci i zagubienia. Wi\u0119cej informacji znajduje si\u0119 na plakacie w gablocie. Seans odb\u0119dzie si\u0119 w <strong>poniedzia\u0142ek 16 marca, o godz. 19.15.<\/strong> Zapisy oraz wp\u0142ata za bilet w cenie 17 z\u0142 przyjmowane s\u0105 w\u00a0zakrystii lub u ks. Witolda.<\/li>\n<li>Zapraszamy do udzia\u0142u w parafialnej pielgrzymce do <strong>\u015awi\u0119tej lipki, Gietrzwa\u0142du i\u00a0Gda\u0144ska<\/strong> w dniach 28-30 sierpnia br. Szczeg\u00f3\u0142y na plakatach a zapisy w zakrystii lub u ks. Piotra.<\/li>\n<li>Dzisiejsza taca mszalna jest przeznaczona na planowane <strong>prace remontowe przy naszej parafii<\/strong>. Za wszystkie z\u0142o\u017cone dzi\u015b ofiary serdecznie dzi\u0119kujemy. Za\u015b za tydzie\u0144, w\u00a0niedziel\u0119, zbi\u00f3rka do puszek z\u00a0przeznaczeniem na pomoc <strong>Fundacji Pomocy M\u0142odzie\u017cy im. \u015aw. Jana Paw\u0142a II \u2013 WZRASTANIE, prowadz\u0105cej m.in. domy dziecka<\/strong>. O\u00a0przeprowadzenie tej\u017ce zbi\u00f3rki prosimy <strong>R\u00f3\u017ce R\u00f3\u017ca\u0144cowe<\/strong>.<\/li>\n<li><strong>W<\/strong> <strong>Siewcy<\/strong> do nabycia prasa i publikacje katolickie. S\u0105 tam te\u017c <strong>paschaliki Caritas<\/strong> w\u00a0cenie 15 z\u0142. a na o\u0142tarzach s\u0105 wy\u0142o\u017cone skarbonki na <strong>ja\u0142mu\u017cn\u0119 wielkopostn\u0105.<\/strong><\/li>\n<\/ol>\n<p><strong><u>Intencje zbiorowe: <\/u><\/strong><\/p>\n<ul>\n<li>W intencji nowennowych pr\u00f3\u015bb i podzi\u0119kowa\u0144 do MB Pocieszenia \u2013 \u015broda, godz. 18.00.<\/li>\n<li>Z R\u00f3\u017cy b\u0142. Anieli Salawy \u2013 czwartek, godz. 18.00.<\/li>\n<li>Za \u015bp. Rafa\u0142a Kowalczyka \u2013 intencja od s\u0105siad\u00f3w z klatki 2 \u2013 czwartek, godz. 18.00.<\/li>\n<li>Z intencji Ko\u0142a Przyjaci\u00f3\u0142 Radia Maryja \u2013 pi\u0105tek, godz. 18.00.<\/li>\n<li>Za \u015bp. Ann\u0119 Cisek \u2013 intencja od s\u0105siad\u00f3w z ul. Staszica 4 \u2013 sobota, godz. 18.00.<\/li>\n<li>Za \u015bp. Ryszarda Pietrzyka \u2013 intencja od s\u0105siad\u00f3w z ul. Br. \u015aniadeckich 2, kl. 6 \u2013 niedziela, godz. 10.00.<\/li>\n<\/ul>\n<p>W ostatnim tygodniu odeszli od nas do wieczno\u015bci <strong>\u015bp. Kazimierz Lewicki <\/strong>z ul. Sanowej i\u00a0<strong>Bogus\u0142awa Kania<\/strong> z ul. Kopernika \u2013 wieczny odpoczynek ..<\/p>\n","protected":false},"excerpt":{"rendered":"<p>Bardzo serdecznie dzi\u0119kujemy Rafa\u0142owi Opali\u0144skiemu, za dzisiejsz\u0105 obecno\u015b\u0107 i\u00a0podzielenie si\u0119 z nami swoimi do\u015bwiadczeniami z pracy na rzecz dzieci i m\u0142odzie\u017cy w\u00a0ramach Fundacji Dzieci \u2013 Dzieciom i programu Talentowskaz. Niech Dobry B\u00f3g Panu Rafa\u0142owi hojnie b\u0142ogos\u0142awi a\u00a0Matka Bo\u017ca Pocieszenia, Pani Le\u017cajska otacza\u00a0swoj\u0105 przemo\u017cn\u0105 opiek\u0105. Dzi\u015b zapraszamy jeszcze na nabo\u017ce\u0144stwo Gorzkich \u017bali z kazaniem pasyjnym w\u00a0obu [&hellip;]<\/p>\n","protected":false},"author":4,"featured_media":0,"comment_status":"closed","ping_status":"open","sticky":false,"template":"","format":"standard","meta":[],"categories":[5],"tags":[],"_links":{"self":[{"href":"https:\/\/lezajsk.przemyska.pl\/index.php?rest_route=\/wp\/v2\/posts\/19557"}],"collection":[{"href":"https:\/\/lezajsk.przemyska.pl\/index.php?rest_route=\/wp\/v2\/posts"}],"about":[{"href":"https:\/\/lezajsk.przemyska.pl\/index.php?rest_route=\/wp\/v2\/types\/post"}],"author":[{"embeddable":true,"href":"https:\/\/lezajsk.przemyska.pl\/index.php?rest_route=\/wp\/v2\/users\/4"}],"replies":[{"embeddable":true,"href":"https:\/\/lezajsk.przemyska.pl\/index.php?rest_route=%2Fwp%2Fv2%2Fcomments&post=19557"}],"version-history":[{"count":1,"href":"https:\/\/lezajsk.przemyska.pl\/index.php?rest_route=\/wp\/v2\/posts\/19557\/revisions"}],"predecessor-version":[{"id":19558,"href":"https:\/\/lezajsk.przemyska.pl\/index.php?rest_route=\/wp\/v2\/posts\/19557\/revisions\/19558"}],"wp:attachment":[{"href":"https:\/\/lezajsk.przemyska.pl\/index.php?rest_route=%2Fwp%2Fv2%2Fmedia&parent=19557"}],"wp:term":[{"taxonomy":"category","embeddable":true,"href":"https:\/\/lezajsk.przemyska.pl\/index.php?rest_route=%2Fwp%2Fv2%2Fcategories&post=19557"},{"taxonomy":"post_tag","embeddable":true,"href":"https:\/\/lezajsk.przemyska.pl\/index.php?rest_route=%2Fwp%2Fv2%2Ftags&post=19557"}],"curies":[{"name":"wp","href":"https:\/\/api.w.org\/{rel}","templated":true}]}}