
{"id":19549,"date":"2026-02-28T20:39:21","date_gmt":"2026-02-28T19:39:21","guid":{"rendered":"https:\/\/lezajsk.przemyska.pl\/?p=19549"},"modified":"2026-02-28T20:39:21","modified_gmt":"2026-02-28T19:39:21","slug":"ii-niedziela-wielkiego-postu-01-03-2026-r","status":"publish","type":"post","link":"https:\/\/lezajsk.przemyska.pl\/?p=19549","title":{"rendered":"II Niedziela Wielkiego Postu &#8211; 01.03.2026 r."},"content":{"rendered":"<ol>\n<li>Dzi\u015b zapraszamy jeszcze na nabo\u017ce\u0144stwo <strong>Gorzkich \u017bali z kazaniem pasyjnym<\/strong> w\u00a0obu ko\u015bcio\u0142ach na godz. 17.00.<\/li>\n<li>Spotkanie formacyjne dla cz\u0142onk\u00f3w <strong>R\u00f3\u017c \u017bywego R\u00f3\u017ca\u0144ca, Apostolskiego Dzie\u0142a Pomocy dla Czy\u015b\u0107ca oraz Dzie\u0142a Pomocy Powo\u0142aniom<\/strong>, odb\u0119dzie si\u0119 wyj\u0105tkowo w\u00a0najbli\u017cszy poniedzia\u0142ek, 2 marca, po Mszy \u015awi\u0119tej wieczornej.<\/li>\n<li>We wtorek, <strong>spotkanie Akcji Katolickiej po Mszy \u015bw. wieczornej, <\/strong>na kt\u00f3re wszystkich cz\u0142onk\u00f3w serdecznie zapraszamy.<\/li>\n<li>Tak\u017ce we wtorek po Mszy \u015bw. wieczornej zapraszamy na <strong>spotkanie Wolontariuszy Eucharystycznego Ruchu M\u0142odych<\/strong>, kt\u00f3re odb\u0119dzie si\u0119 na plebanii.<\/li>\n<li>W \u015brod\u0119 przypada <strong>\u015bwi\u0119to \u015bw. Kazimierza Kr\u00f3lewicza<\/strong>.<\/li>\n<li>W tym tygodniu przypada<strong> I czwartek, I pi\u0105tek i I sobota miesi\u0105ca.<\/strong> Adoracja Naj\u015bwi\u0119tszego Sakramentu wieczorem zar\u00f3wno w czwartek jak i w pi\u0105tek do godz. 20.00. <strong>Spowied\u017a w\u00a0pi\u0105tek od godz. 17.00.<\/strong><\/li>\n<li>W pi\u0105tek, od godz. 9.00 <strong>odwiedziny chorych w domach z Komuni\u0105 \u015bw<\/strong>.<\/li>\n<li>W pi\u0105tek nabo\u017ce\u0144stwo <strong>Drogi Krzy\u017cowej<\/strong> rano o godz. <strong>7.30<\/strong>, popo\u0142udniu <strong>o godz.16.00 dla dzieci a nast\u0119pnie, o godz. 17.30 i 20.00.<\/strong><\/li>\n<li>Tak\u017ce w pi\u0105tek rozpocznie si\u0119 <strong> kurs przedma\u0142\u017ce\u0144ski <\/strong>i\u00a0b\u0119dzie trwa\u0142 3 dni. Przy okazji kolejny raz przypominamy wszystkim zainteresowanym, \u017ce przygotowanie do ma\u0142\u017ce\u0144stwa to dwa etapy. Pierwszy to wspomniany wy\u017cej tzw. <strong>\u201ekurs przedma\u0142\u017ce\u0144ski\u201d<\/strong>, kt\u00f3ry mo\u017ce by\u0107 zrealizowany znacznie wcze\u015bniej nawet kilka lata przed planowanym \u015blubem a drugi etap &#8211; ju\u017c bezpo\u015brednio przed \u015blubem &#8211; to <strong>poradnia rodzinna dla narzeczonych<\/strong>, kt\u00f3r\u0105 rozpoczynaj\u0105 narzeczeni 3-4 miesi\u0105ce przed \u015blubem. Poradnia dla narzeczonych zaprasza w ka\u017cdy II czwartek miesi\u0105ca po Mszy \u015bw. wieczornej. Wszystkie te informacje s\u0105 tak\u017ce umieszczone na naszej stronie parafialnej w zak\u0142adce \u2013 sakrament ma\u0142\u017ce\u0144stwa.<\/li>\n<li>W sobot\u0119 wszystkich czcicieli Matki Bo\u017cej, zapraszamy na kolejne <strong>nabo\u017ce\u0144stwo I\u00a0soboty<\/strong>, <strong>wynagradzaj\u0105ce Niepokalanemu Sercu NMP<\/strong>, po\u0142\u0105czone z modlitw\u0105 r\u00f3\u017ca\u0144cow\u0105 na godz. 17.00.<\/li>\n<li><strong>W najbli\u017csz\u0105 niedziel\u0119 8 marca, na Msz\u0119 \u015bw. o godz. 16.00<\/strong>, zapraszamy <strong>rodzic\u00f3w i\u00a0dzieci z klas III<\/strong>, przygotowuj\u0105ce si\u0119 do przyj\u0119cia I Komunii \u015bw. Dzieci w czasie tej Mszy \u015bw. otrzymaj\u0105 swoje <strong>po\u015bwi\u0119cone modlitewniki<\/strong>.<\/li>\n<li>Tak\u017ce w najbli\u017csz\u0105 <strong>niedziel\u0119,<\/strong> z rekomendacji Ksi\u0119dza Dyrektora Caritas Archidiecezji Przemyskiej, przyb\u0119dzie do naszej parafii <strong> Rafa\u0142 Opali\u0144ski<\/strong> \u2013 Prezes Fundacji Dzieci-Dzieciom. Od kilku lat pracuje on z dzie\u0107mi, m\u0142odzie\u017c\u0105 oraz ich opiekunami w ramach Og\u00f3lnopolskiego Programu <strong>Talentowskaz<\/strong>. Podczas ka\u017cdej Mszy \u015awi\u0119tej, podzieli si\u0119 z\u00a0nami swoimi do\u015bwiadczeniami dotycz\u0105cymi realnych potrzeb i\u00a0zagro\u017ce\u0144 oraz oczekiwa\u0144 dzisiejszego pokolenia nastolatk\u00f3w. Om\u00f3wi te\u017c autorskie narz\u0119dzie, kt\u00f3rego ka\u017cdy z nas b\u0119dzie m\u00f3g\u0142 u\u017cy\u0107, aby nie tylko poprawi\u0107 relacje i\u00a0komunikacj\u0119 w naszych Rodzinach ale przede wszystkim wzmocni\u0107 wizerunek Rodzica w jego w\u0142asnym domu i\u00a0pom\u00f3c naszym dzieciom bezpiecznie wkroczy\u0107 w ich odpowiedzialn\u0105 DOROS\u0141O\u015a\u0106.<\/li>\n<li>W dalszym ci\u0105gu trwaj\u0105 zapisy na <strong>Spotkanie M\u0142odych Archidiecezji Przemyskiej<\/strong>, kt\u00f3re odb\u0119dzie si\u0119 <strong>w\u00a0dniach 10-12 kwietnia 2026 r. w Rymanowie<\/strong>. Zapisy u swoich katechet\u00f3w lub ks. Piotra do 8 marca 2026 r. Szczeg\u00f3\u0142y na plakatach w gablocie.<\/li>\n<li>Wszystkich parafian i nie tylko, jeszcze raz zapraszamy do udzia\u0142u w tzw. <strong>\u201eKursie Alpha\u201d<\/strong>, <strong>kt\u00f3ry rozpocznie si\u0119 w naszej parafii w \u015brod\u0119 4 marca.<\/strong> Dzi\u015b przy wyj\u015bciu z\u00a0ko\u015bcio\u0142a osoby zaanga\u017cowane w prowadzenie kursu, b\u0119d\u0105 rozdawa\u0107 ulotki promuj\u0105ce to wydarzenie.<\/li>\n<li>Dzisiejsza <strong>taca mszalna<\/strong> jest przeznaczona na potrzeby <strong>Seminarium Duchownego w\u00a0Przemy\u015blu<\/strong> za\u015b w przysz\u0142\u0105, II niedziel\u0119 miesi\u0105ca, na dalsze prace remontowe przy naszej Farze. Planowane prace na rok bie\u017c\u0105cy, to nowe okna i witra\u017ce w nawie g\u0142\u00f3wnej i kaplicy bocznej. Wszystkim darczy\u0144com za zrozumienie, \u017cyczliwo\u015b\u0107 i\u00a0ka\u017cd\u0105 przekazan\u0105 z\u0142ot\u00f3wk\u0119 sk\u0142adamy serdeczne B\u00f3g zap\u0142a\u0107.<\/li>\n<li>Przypominamy, \u017ce dzi\u015b przed ko\u015bcio\u0142em, <strong>zbi\u00f3rka do puszek z\u00a0przeznaczeniem na pomoc misjom \u201eAd Gentes\u201d.<\/strong><\/li>\n<li>Dzi\u0119ki uprzejmo\u015bci kina przy MCK\u2013u, zapraszamy na parafialny pokaz filmu <strong> \u201eNaj\u015bwi\u0119tsze Serce\u201d<\/strong>. Jest to film inspirowany objawieniami \u015bw. Ma\u0142gorzaty Marii Alacoque, opowiadaj\u0105cy o kulcie Naj\u015bwi\u0119tszego Serca Jezusowego oraz ukazuj\u0105cy, jak wiara pomaga odnale\u017a\u0107 sens w \u015bwiecie pe\u0142nym samotno\u015bci i zagubienia. Wi\u0119cej informacji znajduje si\u0119 na plakacie w gablocie. Seans odb\u0119dzie si\u0119 w <strong>poniedzia\u0142ek 16 marca, o godz. 19.15.<\/strong> Zapisy oraz wp\u0142ata za bilet w cenie 17 z\u0142 przyjmowane s\u0105 w\u00a0zakrystii lub u ks. Witolda.<\/li>\n<li><strong>W<\/strong> <strong>Siewcy<\/strong> do nabycia prasa i publikacje katolickie. S\u0105 tam te\u017c <strong>paschaliki Caritas<\/strong> w\u00a0cenie 15 z\u0142. a na o\u0142tarzach s\u0105 wy\u0142o\u017cone skarbonki na <strong>ja\u0142mu\u017cn\u0119 wielkopostn\u0105. <\/strong>S\u0105 tam te\u017c ksi\u0105\u017cki z kazaniami naszego rekolekcjonisty <strong>ks.<\/strong> <strong>Marka Studenskiego<\/strong>.<\/li>\n<li><strong><u>Zaproszenie:<\/u><\/strong> Bernardyni, zapraszaj\u0105 na <strong>Festiwal Kultury Chrze\u015bcija\u0144skiej<\/strong>, kt\u00f3ry rozpocznie si\u0119 <strong>8 marca o godz. 18.00<\/strong>, koncertem Polskiej Muzyki Filmowej. Wi\u0119cej informacji w mediach spo\u0142eczno\u015bciowych FOK-u.<\/li>\n<\/ol>\n<p><strong><u>Intencje zbiorowe: <\/u><\/strong><\/p>\n<ul>\n<li>Za \u015bp. Jana Siuzdaka \u2013 intencja od s\u0105siad\u00f3w z Nizinnej, Sikorskiego i B\u0142onie \u2013 poniedzia\u0142ek, godz. 6.30 i czwartek, godz. 7.00.<\/li>\n<li>Z R\u00f3\u017cy \u015aw. Kazimierza \u2013 poniedzia\u0142ek, godz. 7.00.<\/li>\n<li>Z R\u00f3\u017cy \u015bw. Heleny \u2013 poniedzia\u0142ek, godz. 18.00.<\/li>\n<li>W intencji nowennowych pr\u00f3\u015bb i podzi\u0119kowa\u0144 do MB Pocieszenia \u2013 \u015broda, godz. 18.00.<\/li>\n<li>Z intencji Stra\u017cy Honorowej NSPJ \u2013 czwartek i pi\u0105tek, godz. 18.00.<\/li>\n<li>Za dusze w czy\u015b\u0107cu cierpi\u0105ce \u2013 intencja od Apostolskiego Dzie\u0142a Pomocy Duszom Czy\u015b\u0107cowym \u2013 sobota, godz. 6.30.<\/li>\n<li>Wynagradzaj\u0105ca Niepokalanemu Sercu NMP z intencji Bractwa Szkaplerza \u015awi\u0119tego i R\u00f3\u017c R\u00f3\u017ca\u0144cowych \u2013 sobota, godz. 18.00.<\/li>\n<li>Za \u015bp. Ann\u0119 Cisek \u2013 intencja od mieszka\u0144c\u00f3w i s\u0105siad\u00f3w z ul. Staszica 4 \u2013 niedziela, godz. 8.30.<\/li>\n<li>Za \u015bp. Ann\u0119 Wa\u0144 \u2013 intencja od mieszka\u0144c\u00f3w ul. Moniuszki \u2013 niedziela, godz. 10.00.<\/li>\n<\/ul>\n","protected":false},"excerpt":{"rendered":"<p>Dzi\u015b zapraszamy jeszcze na nabo\u017ce\u0144stwo Gorzkich \u017bali z kazaniem pasyjnym w\u00a0obu ko\u015bcio\u0142ach na godz. 17.00. Spotkanie formacyjne dla cz\u0142onk\u00f3w R\u00f3\u017c \u017bywego R\u00f3\u017ca\u0144ca, Apostolskiego Dzie\u0142a Pomocy dla Czy\u015b\u0107ca oraz Dzie\u0142a Pomocy Powo\u0142aniom, odb\u0119dzie si\u0119 wyj\u0105tkowo w\u00a0najbli\u017cszy poniedzia\u0142ek, 2 marca, po Mszy \u015awi\u0119tej wieczornej. We wtorek, spotkanie Akcji Katolickiej po Mszy \u015bw. wieczornej, na kt\u00f3re wszystkich cz\u0142onk\u00f3w [&hellip;]<\/p>\n","protected":false},"author":4,"featured_media":0,"comment_status":"closed","ping_status":"open","sticky":false,"template":"","format":"standard","meta":[],"categories":[5],"tags":[],"_links":{"self":[{"href":"https:\/\/lezajsk.przemyska.pl\/index.php?rest_route=\/wp\/v2\/posts\/19549"}],"collection":[{"href":"https:\/\/lezajsk.przemyska.pl\/index.php?rest_route=\/wp\/v2\/posts"}],"about":[{"href":"https:\/\/lezajsk.przemyska.pl\/index.php?rest_route=\/wp\/v2\/types\/post"}],"author":[{"embeddable":true,"href":"https:\/\/lezajsk.przemyska.pl\/index.php?rest_route=\/wp\/v2\/users\/4"}],"replies":[{"embeddable":true,"href":"https:\/\/lezajsk.przemyska.pl\/index.php?rest_route=%2Fwp%2Fv2%2Fcomments&post=19549"}],"version-history":[{"count":1,"href":"https:\/\/lezajsk.przemyska.pl\/index.php?rest_route=\/wp\/v2\/posts\/19549\/revisions"}],"predecessor-version":[{"id":19550,"href":"https:\/\/lezajsk.przemyska.pl\/index.php?rest_route=\/wp\/v2\/posts\/19549\/revisions\/19550"}],"wp:attachment":[{"href":"https:\/\/lezajsk.przemyska.pl\/index.php?rest_route=%2Fwp%2Fv2%2Fmedia&parent=19549"}],"wp:term":[{"taxonomy":"category","embeddable":true,"href":"https:\/\/lezajsk.przemyska.pl\/index.php?rest_route=%2Fwp%2Fv2%2Fcategories&post=19549"},{"taxonomy":"post_tag","embeddable":true,"href":"https:\/\/lezajsk.przemyska.pl\/index.php?rest_route=%2Fwp%2Fv2%2Ftags&post=19549"}],"curies":[{"name":"wp","href":"https:\/\/api.w.org\/{rel}","templated":true}]}}