
{"id":19473,"date":"2026-01-17T21:20:34","date_gmt":"2026-01-17T20:20:34","guid":{"rendered":"https:\/\/lezajsk.przemyska.pl\/?p=19473"},"modified":"2026-01-18T08:18:19","modified_gmt":"2026-01-18T07:18:19","slug":"ii-niedziela-zwykla-18-01-2026-r","status":"publish","type":"post","link":"https:\/\/lezajsk.przemyska.pl\/?p=19473","title":{"rendered":"II Niedziela zwyk\u0142a &#8211; 18.01.2026 r."},"content":{"rendered":"<ol>\n<li>Dzi\u015b zapraszamy jeszcze na <strong>nabo\u017ce\u0144stwo eucharystyczne z Koronk\u0105 do Bo\u017cego Mi\u0142osierdzia o\u00a0godz. 17.30<\/strong>.<\/li>\n<li>Dzi\u015b tak\u017ce rozpoczyna si\u0119 doroczny <strong>Tydzie\u0144 Modlitw o Jedno\u015b\u0107 Chrze\u015bcijan<\/strong>, <strong>kt\u00f3ry zako\u0144czy si\u0119 25 stycznia, \u015bwi\u0119tem Nawr\u00f3cenia \u015aw. Paw\u0142a<\/strong>. Ka\u017cdy, kto w\u00a0czasie trwania tego\u017c tygodnia uczyni co\u015b dla jedno\u015bci Ko\u015bcio\u0142a (modlitwa, post, ja\u0142mu\u017cna itp.) i\u00a0we\u017amie udzia\u0142 w\u00a0jego zako\u0144czeniu, zyskuje odpust zupe\u0142ny po zwyk\u0142ymi warunkami.<\/li>\n<li>Jutro przypada liturgiczne <strong>wspomnienie \u015bw. J\u00f3zefa Sebastiana Pelczara<\/strong>. Z tej okazji mo\u017cemy uczci\u0107 Jego relikwie, kt\u00f3re s\u0105 wystawione na o\u0142tarzu Matki Bo\u017cej.<\/li>\n<li>Tak\u017ce jutro na Msz\u0119 \u015bw. o godz. 18.00 i <strong>spotkanie zapraszamy rodzic\u00f3w m\u0142odzie\u017cy z\u00a0klas VIII<\/strong>. Spotkanie dotyczy wyjazdu na rekolekcje przed przyj\u0119ciem sakramentu bierzmowania st\u0105d prosimy wszystkich rodzic\u00f3w o niezawodne przybycie za\u015b <strong>w\u00a0czwartek na Msz\u0119 \u015bw. o godz. 18.00 i spotkanie zapraszamy kandydat\u00f3w do bierzmowania z\u00a0klas VIII<\/strong>. Klasy VI i VII maj\u0105 swoje spotkania zgodnie z harmonogramem zamieszonym na stronie parafialnej w zak\u0142adce \u201ebierzmowanie\u201d.<\/li>\n<li>We wtorek <strong>nowenna do \u015aw. J\u00f3zefa \u2013 Oblubie\u0144ca NMP<\/strong>. Podzi\u0119kowania i\u00a0pro\u015bby mo\u017cna sk\u0142ada\u0107 bezpo\u015brednio przed nabo\u017ce\u0144stwem na o\u0142tarzu Matki Bo\u017cej.<\/li>\n<li>W \u015brod\u0119, <strong>spotkanie Akcji Katolickiej po Mszy \u015bw. wieczornej, <\/strong>na kt\u00f3re wszystkich cz\u0142onk\u00f3w serdecznie zapraszamy.<\/li>\n<li>W \u015brod\u0119 <strong>wspomnienie \u015bw. Agnieszki<\/strong>, dziewicy i m\u0119czennicy. Jest to r\u00f3wnocze\u015bnie dzie\u0144 babci, dlatego w tym dniu szczeg\u00f3lnie pami\u0119tajmy w\u00a0modlitwie o\u00a0naszych babciach, zar\u00f3wno \u017cyj\u0105cych jak i zmar\u0142ych.<\/li>\n<li>W sobot\u0119 31 stycznia w Rzeszowie odb\u0119dzie si\u0119 <strong>spotkanie modlitewne Wsp\u00f3lnoty Szkaplerznej<\/strong>. Zapisy w zakrystii.<\/li>\n<li>W najbli\u017csz\u0105 niedziel\u0119 25 stycznia na Mszy \u015bw. o godz. 11.30, b\u0119dziemy go\u015bci\u0107 <strong>Ch\u00f3r dziewcz\u0119cy Cantiamo pod batut\u0105 p. Barbary Kuczek<\/strong>. Przed i po Mszy \u015bw. kr\u00f3tki koncert kol\u0119d.<\/li>\n<li>Tak\u017ce w najbli\u017csz\u0105 niedziel\u0119 25 stycznia, odb\u0119dzie si\u0119 <strong>pielgrzymkowe spotkanie op\u0142atkowe grupy b\u0142. Marii<\/strong>. Rozpocznie si\u0119 ono Msz\u0105 \u015awi\u0119t\u0105 o godzinie 18.00.<\/li>\n<li><strong>W Siewcy<\/strong> przed po\u0142udniem do nabycia prasa i publikacje katolickie. Jest tam te\u017c do obejrzenia i ewentualnie zam\u00f3wienia a dla tych, kt\u00f3rzy ju\u017c zam\u00f3wili do odebrania, <strong>Jubileuszowy Album \u201eBogu na chwa\u0142\u0119\u201d<\/strong> wydany z okazji 650 lecia naszej Archidiecezji, zawieraj\u0105cy rys historyczny ka\u017cdej parafii i zdj\u0119cia wszystkich ko\u015bcio\u0142\u00f3w i kaplic naszej Archidiecezji. Cena tego\u017c III tomowego albumu w\u00a0okoliczno\u015bciowym etui to 250 z\u0142.<\/li>\n<li><strong>Muzeum Ziemi Le\u017cajskiej <\/strong>zaprasza dzi\u015b na \u201eKoncert \u015bwi\u0105teczny\u201d. Pocz\u0105tek, godz. 17.00 w sali konferencyjnej Muzeum.<\/li>\n<\/ol>\n<p><strong><u>Intencje zbiorowe: <\/u><\/strong><\/p>\n<ul>\n<li>Za \u015bp. Mari\u0119 Stachowicz \u2013 intencja od s\u0105siad\u00f3w \u2013 poniedzia\u0142ek, godz. 18.00.<\/li>\n<li>Z R\u00f3\u017cy \u015bw. Sebastiana \u2013 wtorek, godz. 18.00.<\/li>\n<li>W intencji nowennowych pr\u00f3\u015bb i podzi\u0119kowa\u0144 do MB Pocieszenia \u2013 \u015broda, godz. 18.00.<\/li>\n<li>Za dusze w czy\u015b\u0107cu cierpi\u0105ce \u2013 intencja od Apostolskiego Dzie\u0142a Pomocy dla Czy\u015b\u0107ca \u2013 pi\u0105tek, godz. 6.30.<\/li>\n<\/ul>\n<p>W ostatnim tygodniu odszed\u0142 od nas do wieczno\u015bci <strong>\u015bp.<\/strong> <strong>Jan Rzeszutek <\/strong>z\u00a0Wierzawic \u2013 wieczny odpoczynek \u2026<\/p>\n","protected":false},"excerpt":{"rendered":"<p>Dzi\u015b zapraszamy jeszcze na nabo\u017ce\u0144stwo eucharystyczne z Koronk\u0105 do Bo\u017cego Mi\u0142osierdzia o\u00a0godz. 17.30. Dzi\u015b tak\u017ce rozpoczyna si\u0119 doroczny Tydzie\u0144 Modlitw o Jedno\u015b\u0107 Chrze\u015bcijan, kt\u00f3ry zako\u0144czy si\u0119 25 stycznia, \u015bwi\u0119tem Nawr\u00f3cenia \u015aw. Paw\u0142a. Ka\u017cdy, kto w\u00a0czasie trwania tego\u017c tygodnia uczyni co\u015b dla jedno\u015bci Ko\u015bcio\u0142a (modlitwa, post, ja\u0142mu\u017cna itp.) i\u00a0we\u017amie udzia\u0142 w\u00a0jego zako\u0144czeniu, zyskuje odpust zupe\u0142ny po [&hellip;]<\/p>\n","protected":false},"author":4,"featured_media":0,"comment_status":"closed","ping_status":"open","sticky":false,"template":"","format":"standard","meta":[],"categories":[5],"tags":[],"_links":{"self":[{"href":"https:\/\/lezajsk.przemyska.pl\/index.php?rest_route=\/wp\/v2\/posts\/19473"}],"collection":[{"href":"https:\/\/lezajsk.przemyska.pl\/index.php?rest_route=\/wp\/v2\/posts"}],"about":[{"href":"https:\/\/lezajsk.przemyska.pl\/index.php?rest_route=\/wp\/v2\/types\/post"}],"author":[{"embeddable":true,"href":"https:\/\/lezajsk.przemyska.pl\/index.php?rest_route=\/wp\/v2\/users\/4"}],"replies":[{"embeddable":true,"href":"https:\/\/lezajsk.przemyska.pl\/index.php?rest_route=%2Fwp%2Fv2%2Fcomments&post=19473"}],"version-history":[{"count":2,"href":"https:\/\/lezajsk.przemyska.pl\/index.php?rest_route=\/wp\/v2\/posts\/19473\/revisions"}],"predecessor-version":[{"id":19475,"href":"https:\/\/lezajsk.przemyska.pl\/index.php?rest_route=\/wp\/v2\/posts\/19473\/revisions\/19475"}],"wp:attachment":[{"href":"https:\/\/lezajsk.przemyska.pl\/index.php?rest_route=%2Fwp%2Fv2%2Fmedia&parent=19473"}],"wp:term":[{"taxonomy":"category","embeddable":true,"href":"https:\/\/lezajsk.przemyska.pl\/index.php?rest_route=%2Fwp%2Fv2%2Fcategories&post=19473"},{"taxonomy":"post_tag","embeddable":true,"href":"https:\/\/lezajsk.przemyska.pl\/index.php?rest_route=%2Fwp%2Fv2%2Ftags&post=19473"}],"curies":[{"name":"wp","href":"https:\/\/api.w.org\/{rel}","templated":true}]}}