
{"id":19467,"date":"2026-01-10T20:12:31","date_gmt":"2026-01-10T19:12:31","guid":{"rendered":"https:\/\/lezajsk.przemyska.pl\/?p=19467"},"modified":"2026-01-10T20:12:31","modified_gmt":"2026-01-10T19:12:31","slug":"swieto-chrztu-panskiego-11-01-2026-r","status":"publish","type":"post","link":"https:\/\/lezajsk.przemyska.pl\/?p=19467","title":{"rendered":"\u015awi\u0119to Chrztu Pa\u0144skiego &#8211; 11.01.2026 r."},"content":{"rendered":"<ol>\n<li>Dzi\u015b po Mszy \u015awi\u0119tej o godzinie 16.00, zapraszamy na <strong>Koncert Kol\u0119d i Pastora\u0142ek w\u00a0wykonaniu Grupy Wokalnej Meritum<\/strong>, dzia\u0142aj\u0105cej przy Miejskim Centrum Kultury w Le\u017cajsku. W zwi\u0105zku z powy\u017cszym nie b\u0119dzie nabo\u017ce\u0144stwa o godz. 17.30.<\/li>\n<li>Wraz z dzisiejsz\u0105 niedziel\u0105 <strong>ko\u0144czymy w liturgii okres Bo\u017cego Narodzenia<\/strong>, chocia\u017c kol\u0119dy, przeplatane pie\u015bniami okresowymi, \u015bpiewamy tradycyjnie do 2\u00a0lutego.<\/li>\n<li>We wtorek <strong>nowenna do \u015bw. Antoniego<\/strong> i b\u0142ogos\u0142awie\u0144stwo dzieci. Pro\u015bby i\u00a0podzi\u0119kowania mo\u017cna sk\u0142ada\u0107 przy figurze \u015bwi\u0119tego.<\/li>\n<li>Uprzedzaj\u0105c informujemy, i\u017c <strong>I Komunia dzieci z klas III<\/strong> b\u0119dzie w 3 niedziel\u0119 maja, tj.\u00a017, za\u015b <strong>Bierzmowanie uczni\u00f3w klas VIII<\/strong> w sobot\u0119 28 marca. Kandydaci do bierzmowania w ostatni weekend stycznia udadz\u0105 si\u0119 na rekolekcje zamkni\u0119te (udzia\u0142 w\u00a0rekolekcjach jest obowi\u0105zkowy). Spotkanie organizacyjne dla rodzic\u00f3w odb\u0119dzie si\u0119 w nast\u0119pnym tygodniu.<\/li>\n<li>Wczoraj zako\u0144czyli\u015bmy doroczn\u0105 wizyt\u0119 duszpastersk\u0105. W imieniu wszystkich ksi\u0119\u017cy, <strong>wyra\u017camy serdeczne podzi\u0119kowanie wszystkim rodzinom za \u017cyczliwe przyj\u0119cie i\u00a0go\u015bcinno\u015b\u0107<\/strong>. B\u00f3g zap\u0142a\u0107 za sk\u0142adane z\u00a0okazji kol\u0119dy ofiary dla kap\u0142an\u00f3w i\u00a0ministrant\u00f3w a tak\u017ce za ofiary sk\u0142adane na potrzeby remontowe przy naszej parafii. Niech Bo\u017ce b\u0142ogos\u0142awie\u0144stwo wniesione w\u00a0Wasze domy i\u00a0mieszkania, towarzyszy Wam w ka\u017cdym dniu Nowego Roku. W dalszym ci\u0105gu jest jeszcze mo\u017cliwo\u015b\u0107 <strong>kol\u0119dy w blokach czy domach rodzinnych na zaproszenie, <\/strong>je\u015bli wcze\u015bniej np. rodziny by\u0142y przeszkodzone albo te\u017c pomini\u0119te przez nasze przeoczenie a takowej wizyty sobie \u017cycz\u0105. Prosimy tylko o informacje a wtedy w um\u00f3wionym terminie j\u0105 zrealizujemy. R\u00f3wnocze\u015bnie <strong>wszystkich parafian zamieszka\u0142ych w blokach<\/strong>, kt\u00f3rzy w tym roku nie mieli regularnej wizyty duszpasterskiej, zapraszamy od jutra do <strong>ko\u015bcio\u0142a na specjaln\u0105 Msz\u0119 \u015bw. o\u00a0godz. 18.00 sprawowan\u0105 w ich intencji z b\u0142ogos\u0142awie\u0144stwem kol\u0119dowym wg grafiku<\/strong>, kt\u00f3ry jest wywieszony w gablocie parafialnej i na naszej stronie internetowej. (w tym miejscu odczyta\u0107 harmonogram spotka\u0144 kol\u0119dowych).<\/li>\n<li>W najbli\u017cszy pi\u0105tek, <strong>16 stycznia, w godz. od 16.30 do 18.00<\/strong>,\u00a0w kancelarii parafialnej b\u0119dzie zbierana trzecia rata kwoty na <strong>pielgrzymk\u0119 do W\u0142och<\/strong>. Istnieje r\u00f3wnie\u017c mo\u017cliwo\u015b\u0107 wp\u0142aty czwartej raty. Czwart\u0105 rat\u0119 b\u0119dzie mo\u017cna tak\u017ce ui\u015bci\u0107 u przewodnika w dniu wyjazdu.<\/li>\n<li>Dzisiejsza <strong>taca mszalna<\/strong> jest przeznaczona na zaplanowane na ten rok, kolejne prace remontowe przy naszej parafii. Wszystkim darczy\u0144com za zrozumienie, \u017cyczliwo\u015b\u0107 i\u00a0ka\u017cd\u0105 przekazan\u0105 z\u0142ot\u00f3wk\u0119 sk\u0142adamy serdeczne B\u00f3g zap\u0142a\u0107.<\/li>\n<li><strong>W Siewcy<\/strong> przed po\u0142udniem do nabycia prasa i publikacje katolickie. Jest tam te\u017c do obejrzenia i ewentualnie zam\u00f3wienia a dla tych, kt\u00f3rzy ju\u017c zam\u00f3wili do odebrania, <strong>Jubileuszowy Album \u201eBogu na chwa\u0142\u0119\u201d<\/strong> wydany z okazji 650 lecia naszej Archidiecezji, zawieraj\u0105cy rys historyczny ka\u017cdej parafii i zdj\u0119cia wszystkich ko\u015bcio\u0142\u00f3w i kaplic naszej Archidiecezji. Cena tego\u017c III tomowego albumu w\u00a0okoliczno\u015bciowym etui to 250 z\u0142.<\/li>\n<\/ol>\n<p><strong><u>Intencje zbiorowe: <\/u><\/strong><\/p>\n<ul>\n<li>Za \u015bp. J\u00f3zefa Saneckiego \u2013 intencja od s\u0105siad\u00f3w z bloku \u2013 poniedzia\u0142ek, godz. 18.00.<\/li>\n<li>Za zmar\u0142ych i fundator\u00f3w opiekun\u00f3w kapliczki obok stadionu oraz wszystkich modl\u0105cych si\u0119 przy niej \u2013 wtorek, godz. 7.00.<\/li>\n<li>W intencji nowennowych pr\u00f3\u015bb i podzi\u0119kowa\u0144 do MB Pocieszenia \u2013 \u015broda, godz. 18.00.<\/li>\n<li>Za \u015bp. W\u0142adys\u0142awa Kopciewicza \u2013 intencja od znajomych \u2013 czwartek, godz. 7.00.<\/li>\n<\/ul>\n<p>W ostatnim tygodniu odszed\u0142 od nas do wieczno\u015bci <strong>\u015bp. Jan Feter <\/strong>z ul. Braci \u015aniadeckich \u2013 wieczny odpoczynek \u2026..<\/p>\n<p><strong>Harmonogram spotka\u0144 kol\u0119dowych dla parafian mieszkaj\u0105cych w blokach<\/strong>.<\/p>\n<ol>\n<li><strong>Poniedzia\u0142ek, 12 stycznia, godz. 18.00 \u2013 Bloki przy ul. Ko\u0142\u0142\u0105taja.<\/strong><\/li>\n<li><strong>Wtorek, 13 stycznia, godz. 18.00 \u2013 Bloki przy ul. Kopernika.<\/strong><\/li>\n<li><strong>\u015aroda, 14 stycznia, godz. 18.00 \u2013 Bloki przy ul. Mickiewicza.<\/strong><\/li>\n<li><strong>Czwartek, 15 stycznia, godz. 18.00 \u2013 Bloki przy ul. M.C. Sk\u0142odowskiej<\/strong><\/li>\n<li><strong>Pi\u0105tek, 16 stycznia, godz. 18.00 \u2013 Bloki przy ul. Braci \u015aniadeckich.<\/strong><\/li>\n<li><strong>Sobota, 17 stycznia, godz. 18.00 \u2013 Bloki przy ul. Staszica.<\/strong><\/li>\n<\/ol>\n","protected":false},"excerpt":{"rendered":"<p>Dzi\u015b po Mszy \u015awi\u0119tej o godzinie 16.00, zapraszamy na Koncert Kol\u0119d i Pastora\u0142ek w\u00a0wykonaniu Grupy Wokalnej Meritum, dzia\u0142aj\u0105cej przy Miejskim Centrum Kultury w Le\u017cajsku. W zwi\u0105zku z powy\u017cszym nie b\u0119dzie nabo\u017ce\u0144stwa o godz. 17.30. Wraz z dzisiejsz\u0105 niedziel\u0105 ko\u0144czymy w liturgii okres Bo\u017cego Narodzenia, chocia\u017c kol\u0119dy, przeplatane pie\u015bniami okresowymi, \u015bpiewamy tradycyjnie do 2\u00a0lutego. We wtorek [&hellip;]<\/p>\n","protected":false},"author":4,"featured_media":0,"comment_status":"closed","ping_status":"open","sticky":false,"template":"","format":"standard","meta":[],"categories":[5],"tags":[],"_links":{"self":[{"href":"https:\/\/lezajsk.przemyska.pl\/index.php?rest_route=\/wp\/v2\/posts\/19467"}],"collection":[{"href":"https:\/\/lezajsk.przemyska.pl\/index.php?rest_route=\/wp\/v2\/posts"}],"about":[{"href":"https:\/\/lezajsk.przemyska.pl\/index.php?rest_route=\/wp\/v2\/types\/post"}],"author":[{"embeddable":true,"href":"https:\/\/lezajsk.przemyska.pl\/index.php?rest_route=\/wp\/v2\/users\/4"}],"replies":[{"embeddable":true,"href":"https:\/\/lezajsk.przemyska.pl\/index.php?rest_route=%2Fwp%2Fv2%2Fcomments&post=19467"}],"version-history":[{"count":1,"href":"https:\/\/lezajsk.przemyska.pl\/index.php?rest_route=\/wp\/v2\/posts\/19467\/revisions"}],"predecessor-version":[{"id":19468,"href":"https:\/\/lezajsk.przemyska.pl\/index.php?rest_route=\/wp\/v2\/posts\/19467\/revisions\/19468"}],"wp:attachment":[{"href":"https:\/\/lezajsk.przemyska.pl\/index.php?rest_route=%2Fwp%2Fv2%2Fmedia&parent=19467"}],"wp:term":[{"taxonomy":"category","embeddable":true,"href":"https:\/\/lezajsk.przemyska.pl\/index.php?rest_route=%2Fwp%2Fv2%2Fcategories&post=19467"},{"taxonomy":"post_tag","embeddable":true,"href":"https:\/\/lezajsk.przemyska.pl\/index.php?rest_route=%2Fwp%2Fv2%2Ftags&post=19467"}],"curies":[{"name":"wp","href":"https:\/\/api.w.org\/{rel}","templated":true}]}}