
{"id":19461,"date":"2026-01-03T20:54:25","date_gmt":"2026-01-03T19:54:25","guid":{"rendered":"https:\/\/lezajsk.przemyska.pl\/?p=19461"},"modified":"2026-01-05T11:16:21","modified_gmt":"2026-01-05T10:16:21","slug":"ii-niedziela-po-narodzeniu-panskim-04-01-2026-r","status":"publish","type":"post","link":"https:\/\/lezajsk.przemyska.pl\/?p=19461","title":{"rendered":"II Niedziela po Narodzeniu Pa\u0144skim &#8211; 04.01.2026 r."},"content":{"rendered":"<ol>\n<li>Dzi\u015b zapraszamy jeszcze na nabo\u017ce\u0144stwo eucharystyczne z <strong>modlitw\u0105 r\u00f3\u017ca\u0144cow\u0105<\/strong> na\u00a0godz. 17.30.<\/li>\n<li>We wtorek <strong>Uroczysto\u015b\u0107 Objawienia Pa\u0144skiego<\/strong> zwana popularnie <strong>\u015bwi\u0119tem Trzech Kr\u00f3li<\/strong>. Porz\u0105dek Mszy \u015bw. niedzielny. Po\u015bwi\u0119cenie kredy i kadzid\u0142a na ka\u017cdej Mszy \u015bw.<\/li>\n<li>W Uroczysto\u015b\u0107 Trzech Kr\u00f3li, Oaza Dzieci Bo\u017cych i ministranci, b\u0119d\u0105 przed ka\u017cd\u0105 Msz\u0105 \u015bw. rozprowadza\u0107 <strong>kred\u0119, w\u0119gielek i kadzide\u0142ko<\/strong>, kt\u00f3re b\u0119d\u0105 po\u015bwi\u0119cane w czasie Mszy \u015bw. Zebrane ofiary zasil\u0105 ich fundusz rekolekcyjny. Serdecznie polecamy.<\/li>\n<li>Tak\u017ce we wtorek <strong>Oaza m\u0142odzie\u017cowa b\u0119dzie kol\u0119dowa\u0107<\/strong> na ulicach: Lipy, kpt. Kuczka, Podzwierzyniec, Podolszyny, B\u0142onie i Burmistrz\u00f3w Zawilskich. Zebrane przy tej okazji ofiary zasil\u0105 ich fundusz rekolekcyjny.<\/li>\n<li><strong>Moderator Dzie\u0142a Biblijnego<\/strong> w naszej archidiecezji <strong> prof. Stanis\u0142aw Har\u0119zga<\/strong> serdecznie zaprasza do Szko\u0142y Animatora Biblijnego, jaka rozpocznie si\u0119 w Le\u017cajsku w\u00a0Domu Pielgrzyma przy parafii <strong>OO. Bernardyn\u00f3w w najbli\u017csz\u0105<\/strong> <strong>sobot\u0119 10 stycznia<\/strong>, a\u00a0zako\u0144czy 6 czerwca 2026 roku. Zaj\u0119cia odbywa\u0107 si\u0119 b\u0119d\u0105 raz w miesi\u0105cu, w soboty od godz. 9.00 do 14.30. Do skorzystania z tej bezp\u0142atnej oferty zaproszeni s\u0105 wszyscy, kt\u00f3rzy chcieliby nie tylko pog\u0142\u0119bi\u0107 sw\u0105 mi\u0142o\u015b\u0107 do S\u0142owa Bo\u017cego zapisanego w Pi\u015bmie \u015awi\u0119tym, ale przygotowa\u0107 si\u0119 do bycia animatorem biblijnym w swoim \u015brodowisku i do s\u0142u\u017cenia pomoc\u0105 swoim duszpasterzom w formacji biblijnej prowadzonej w parafii.<\/li>\n<li>Za tydzie\u0144 w <strong>niedziel\u0119 11 stycznia<\/strong>, po Mszy \u015awi\u0119tej o godzinie 16.00, zapraszamy na <strong>Koncert Kol\u0119d i Pastora\u0142ek w wykonaniu Grupy Wokalnej Meritum<\/strong>, dzia\u0142aj\u0105cej przy Miejskim Centrum Kultury w Le\u017cajsku. Serdecznie zapraszamy.<\/li>\n<li>Dzisiejsza <strong>taca mszalna<\/strong> jest przeznaczona na potrzeby <strong>Seminarium Duchownego w\u00a0Przemy\u015blu<\/strong>, we wtorek w Uroczysto\u015b\u0107 Trzech Kr\u00f3li na <strong>misje<\/strong> za\u015b w przysz\u0142\u0105, II niedziel\u0119 miesi\u0105ca, na dalsze prace remontowe przy naszej Farze. Szczeg\u00f3\u0142owe rozliczenie prac z minionego roku mia\u0142o miejsce w czasie Mszy \u015bw. na zako\u0144czenie roku. Planowane prace na rok bie\u017c\u0105cy, to nowe okna i witra\u017ce w nawie g\u0142\u00f3wnej i\u00a0kaplicy bocznej. Wszystkim darczy\u0144com za zrozumienie, \u017cyczliwo\u015b\u0107 i\u00a0ka\u017cd\u0105 przekazan\u0105 z\u0142ot\u00f3wk\u0119 sk\u0142adamy serdeczne B\u00f3g zap\u0142a\u0107.<\/li>\n<li><strong>W Siewcy<\/strong> przed po\u0142udniem do nabycia prasa i publikacje katolickie. Serdecznie polecamy. Jest tam te\u017c do obejrzenia i ewentualnie zam\u00f3wienia <strong>Jubileuszowy Album \u201eBogu na chwa\u0142\u0119\u201d<\/strong> wydany z okazji 650 lecia naszej Archidiecezji, zawieraj\u0105cy rys historyczny ka\u017cdej parafii i zdj\u0119cia wszystkich ko\u015bcio\u0142\u00f3w i kaplic naszej Archidiecezji. Cena tego\u017c III tomowego albumu w okoliczno\u015bciowym etui to 250 z\u0142. Zapisy w Siewcy.<\/li>\n<\/ol>\n<p><strong><u>Intencje zbiorowe: <\/u><\/strong><\/p>\n<ul>\n<li>W intencji nowennowych pr\u00f3\u015bb i podzi\u0119kowa\u0144 do MB Pocieszenia \u2013 \u015broda, godz. 18.00.<\/li>\n<li>Za \u015bp. Czes\u0142awa Karaku\u0142\u0119 \u2013 intencja od s\u0105siad\u00f3w \u2013 czwartek, godz. 7.00.<\/li>\n<li>Z intencji Ko\u0142a Przyjaci\u00f3\u0142 Radia Maryja \u2013 pi\u0105tek, godz. 18.00.<\/li>\n<li>Z R\u00f3\u017cy \u015bw. Bernadety \u2013 niedziela, godz. 8.30.<\/li>\n<li>O zdrowie i Bo\u017ce b\u0142og. dla modl\u0105cych si\u0119 przy kapliczce na ul. Zmuliska i ich rodzin \u2013 niedziela, godz. 10.00.<\/li>\n<li>Za \u015bp. Sylwi\u0119 Cioch \u2013 intencja od s\u0105siad\u00f3w bloku z ul. Kopernika \u2013 niedziela, godz. 18.00.<\/li>\n<\/ul>\n<p>W ostatnim tygodniu odeszli od nas do wieczno\u015bci <strong>\u015bp. Aniela Tokarz <\/strong>z ul. Kopernika, <strong>Bogus\u0142aw Simko<\/strong> z ul. Rynek, <strong>Zofia Kijowska<\/strong> z ul. Mickiewicza i <strong>Julia Dycha \u2013 Zybura<\/strong> z ul. Ko\u0142\u0142\u0105taja \u2013 wieczny odpoczynek \u2026<\/p>\n<p><strong>Plan wizyty duszpasterskiej <\/strong><\/p>\n<p><strong>05.01.2026 &#8211; 10.01. 2026 r. <\/strong><\/p>\n<p><strong><u>Poniedzia\u0142ek 5.01.2026 \u2013 godz. 9.00<\/u><\/strong><\/p>\n<ol>\n<li>Piotr \u2013 ul. Burmistrz\u00f3w Zawilskich<\/li>\n<li>Janusz \u2013 ul. Moniuszki<\/li>\n<li>Witold \u2013 ul. Studzienna i Spokojna<\/li>\n<li>\u0141ukasz \u2013 ul. Ogrodowa<\/li>\n<\/ol>\n<p><strong>\u015a<u>roda 7.01.2026 \u2013 godz. 15.00<\/u><\/strong><\/p>\n<ol>\n<li>Witold \u2013 ul. Szkolna i Garncarska \u2013 Msza \u015bw.<\/li>\n<li>Proboszcz \u2013 ul. Sanowa (od pocz\u0105tku, potem Polna i Wi\u0119c\u0142awa \u015al\u0105skiego)<\/li>\n<li>Piotr \u2013 ul. Sanowa (od ko\u0144ca) i Sp\u00f3\u0142dzielcza.<\/li>\n<li>Janusz \u2013 Plac Dworcowy i ul. Mickiewicza (od dworca)<\/li>\n<li>\u0141ukasz \u2013 ul. \u017bwirki i Wigury, Plac Jaszowskiego, Furgalskiego i\u00a0Mickiewicza od strony Rynku)<\/li>\n<\/ol>\n<p><strong><u>Czwartek 8.01.2026 \u2013 godz. 15.00<\/u><\/strong><\/p>\n<ol>\n<li>Janusz \u2013 ul. Rynek i Rzeszowska (od Rynku)<\/li>\n<li>\u0141ukasz \u2013 ul. Rzeszowska (od Giedlarowej)<\/li>\n<li>Piotr \u2013 ul. G\u00f3rna, Kr\u00f3tka, Piekarska, Plac Targowy i Targowa<\/li>\n<li>Witold \u2013 ul. Wa\u0142owa i Kwiatowa<\/li>\n<\/ol>\n<p><strong><u>Pi\u0105tek 9.01.2026 \u2013 godz. 15.00<\/u><\/strong><\/p>\n<ol>\n<li>\u0141ukasz \u2013 ul. S\u0142owackiego.<\/li>\n<li>Witold \u2013 ul. Zmuliska<\/li>\n<li>Piotr \u2013 ul. Lawendowa, Fio\u0142kowa i Konwaliowa<\/li>\n<li>Janusz \u2013 ul. Tulipanowa, Irysowa, B\u0142awatkowa i Krokusowa.<\/li>\n<\/ol>\n<p><strong><u>Sobota 10.01.202 \u2013 godz. 9.00<\/u><\/strong><\/p>\n<ol>\n<li>\u0141ukasz \u2013 ul. Sandomierska (od pocz\u0105tku)<\/li>\n<li>Piotr \u2013 ul. Sandomierska (od ko\u0144ca)<\/li>\n<li>Witold \u2013 ul. Sandomierska (od ko\u0144ca)<\/li>\n<li>Janusz \u2013 dodatkowe zg\u0142oszenia (domy jednorodzinne i bloki)<\/li>\n<li>Proboszcz \u2013 dodatkowe zg\u0142oszenia (domy jednorodzinne i bloki)<\/li>\n<\/ol>\n<p><strong><u>Uwagi\u2026. \u00a0i kol\u0119da na zaproszenie\u2026<\/u><\/strong><\/p>\n<p>Oczywi\u015bcie rozumiemy, \u017ce dla niekt\u00f3rych <strong>poniedzia\u0142ek 5 stycznia<\/strong>, b\u0119dzie dniem pracy, dlatego Rodziny przeszkodzone w tym dniu, jak i w czasie poprzednich dni kol\u0119dowania, prosimy o informacj\u0119 a wtedy dla nich b\u0119dzie mo\u017cliwo\u015b\u0107 kol\u0119dy <strong>w\u00a0sobot\u0119 10 stycznia<\/strong> <strong>od godz. 9.00<\/strong> a je\u015bli b\u0119dzie taka potrzeba, indywidualnie ustalimy nowy akceptowalny termin.<\/p>\n<p>Po zako\u0144czeniu kol\u0119dy w domach jednorodzinnych, tak\u017ce <strong>w sobot\u0119 10 stycznia<\/strong>, b\u0119dzie mo\u017cliwo\u015b\u0107 <strong>kol\u0119dy w blokach na zaproszenie. Na zg\u0142oszenia czekamy\u2026 <\/strong><\/p>\n<p><strong>Od poniedzia\u0142ku <\/strong>\u00a0<strong>12 stycznia,<\/strong> wszystkich parafian mieszkaj\u0105cych w blokach, zapraszamy do ko\u015bcio\u0142a na <strong>Msz\u0119 \u015bw. w ich intencji i\u00a0b\u0142ogos\u0142awie\u0144stwo Rodzin<\/strong> wg nast\u0119puj\u0105cego harmonogramu.<\/p>\n<ol>\n<li><strong>Poniedzia\u0142ek, 12 stycznia, godz. 18.00 \u2013 Bloki przy ul. Ko\u0142\u0142\u0105taja.<\/strong><\/li>\n<li><strong>Wtorek, 13 stycznia, godz. 18.00 \u2013 Bloki przy ul. Kopernika.<\/strong><\/li>\n<li><strong>\u015aroda, 14 stycznia, godz. 18.00 \u2013 Bloki przy ul. Mickiewicza.<\/strong><\/li>\n<li><strong>Czwartek, 15 stycznia, godz. 18.00 \u2013 Bloki przy ul. M.C. Sk\u0142odowskiej<\/strong><\/li>\n<li><strong>Pi\u0105tek, 16 stycznia, godz. 18.00 \u2013 Bloki przy ul. Braci \u015aniadeckich.<\/strong><\/li>\n<li><strong>Sobota, 17 stycznia, godz. 18.00 \u2013 Bloki przy ul. Staszica.<\/strong><\/li>\n<\/ol>\n","protected":false},"excerpt":{"rendered":"<p>Dzi\u015b zapraszamy jeszcze na nabo\u017ce\u0144stwo eucharystyczne z modlitw\u0105 r\u00f3\u017ca\u0144cow\u0105 na\u00a0godz. 17.30. We wtorek Uroczysto\u015b\u0107 Objawienia Pa\u0144skiego zwana popularnie \u015bwi\u0119tem Trzech Kr\u00f3li. Porz\u0105dek Mszy \u015bw. niedzielny. Po\u015bwi\u0119cenie kredy i kadzid\u0142a na ka\u017cdej Mszy \u015bw. W Uroczysto\u015b\u0107 Trzech Kr\u00f3li, Oaza Dzieci Bo\u017cych i ministranci, b\u0119d\u0105 przed ka\u017cd\u0105 Msz\u0105 \u015bw. rozprowadza\u0107 kred\u0119, w\u0119gielek i kadzide\u0142ko, kt\u00f3re b\u0119d\u0105 po\u015bwi\u0119cane [&hellip;]<\/p>\n","protected":false},"author":4,"featured_media":0,"comment_status":"closed","ping_status":"open","sticky":false,"template":"","format":"standard","meta":[],"categories":[5],"tags":[],"_links":{"self":[{"href":"https:\/\/lezajsk.przemyska.pl\/index.php?rest_route=\/wp\/v2\/posts\/19461"}],"collection":[{"href":"https:\/\/lezajsk.przemyska.pl\/index.php?rest_route=\/wp\/v2\/posts"}],"about":[{"href":"https:\/\/lezajsk.przemyska.pl\/index.php?rest_route=\/wp\/v2\/types\/post"}],"author":[{"embeddable":true,"href":"https:\/\/lezajsk.przemyska.pl\/index.php?rest_route=\/wp\/v2\/users\/4"}],"replies":[{"embeddable":true,"href":"https:\/\/lezajsk.przemyska.pl\/index.php?rest_route=%2Fwp%2Fv2%2Fcomments&post=19461"}],"version-history":[{"count":2,"href":"https:\/\/lezajsk.przemyska.pl\/index.php?rest_route=\/wp\/v2\/posts\/19461\/revisions"}],"predecessor-version":[{"id":19464,"href":"https:\/\/lezajsk.przemyska.pl\/index.php?rest_route=\/wp\/v2\/posts\/19461\/revisions\/19464"}],"wp:attachment":[{"href":"https:\/\/lezajsk.przemyska.pl\/index.php?rest_route=%2Fwp%2Fv2%2Fmedia&parent=19461"}],"wp:term":[{"taxonomy":"category","embeddable":true,"href":"https:\/\/lezajsk.przemyska.pl\/index.php?rest_route=%2Fwp%2Fv2%2Fcategories&post=19461"},{"taxonomy":"post_tag","embeddable":true,"href":"https:\/\/lezajsk.przemyska.pl\/index.php?rest_route=%2Fwp%2Fv2%2Ftags&post=19461"}],"curies":[{"name":"wp","href":"https:\/\/api.w.org\/{rel}","templated":true}]}}