
{"id":19414,"date":"2025-11-29T22:01:00","date_gmt":"2025-11-29T21:01:00","guid":{"rendered":"https:\/\/lezajsk.przemyska.pl\/?p=19414"},"modified":"2025-11-29T22:01:00","modified_gmt":"2025-11-29T21:01:00","slug":"i-niedziela-adwentu-30-11-2025-r","status":"publish","type":"post","link":"https:\/\/lezajsk.przemyska.pl\/?p=19414","title":{"rendered":"I Niedziela Adwentu &#8211; 30.11.2025 r."},"content":{"rendered":"<ol>\n<li>Dzi\u015b rozpocz\u0119li\u015bmy <strong>Adwent<\/strong>, czas radosnego i pobo\u017cnego oczekiwania na przyj\u015bcie Pana, b\u0119d\u0105cy r\u00f3wnocze\u015bnie pocz\u0105tkiem <strong>nowego rok liturgicznego, <\/strong>kt\u00f3remu b\u0119dzie towarzyszy\u0107 has\u0142o<strong> \u201eUczniowie &#8211; Misjonarze\u201d<\/strong>.<\/li>\n<li>Wieczorem <strong>nowenna przed<\/strong> <strong>Uroczysto\u015bci\u0105 Niepokalanego Pocz\u0119cia<\/strong> o godz. 17.30 a\u00a0po niej Msza \u015bw. wieczorna. W tygodniu, nowenna tak\u017ce o godz. 17.30 z wyj\u0105tkiem soboty.<\/li>\n<li><strong>Roraty<\/strong> w naszym ko\u015bciele codziennie o godz. 18.00. Zach\u0119camy wszystkich a\u00a0szczeg\u00f3lnie dzieci i m\u0142odzie\u017c do jak najliczniejszego udzia\u0142u. <em>(Dzieci przynosz\u0105 ze sob\u0105 lampiony ale tylko elektryczne).<\/em><\/li>\n<li>W tym tygodniu przypada <strong>I czwartek, pi\u0105tek i I sobota miesi\u0105ca.<\/strong> Spowied\u017a w pi\u0105tek od godz. 17.00. Wieczorem adoracja Naj\u015bwi\u0119tszego Sakramentu zar\u00f3wno w czwartek jak i\u00a0w\u00a0pi\u0105tek do godz. 20.00.<\/li>\n<li>W\u00a0pi\u0105tek <strong>odwiedziny chorych w\u00a0domach z\u00a0Komuni\u0105 \u015bw. od godz. 9.00.<\/strong><\/li>\n<li>W sobot\u0119 przypada <strong>I sobota miesi\u0105ca<\/strong>. Z tej okazji wszystkich czcicieli Matki Bo\u017cej, zapraszamy na <strong>nabo\u017ce\u0144stwo I soboty<\/strong>, <strong>wynagradzaj\u0105ce Niepokalanemu Sercu NMP<\/strong>, po\u0142\u0105czone z <strong>Nowenn\u0105 przed Niepokalanym Pocz\u0119ciem i\u00a0modlitw\u0105 r\u00f3\u017ca\u0144cow\u0105<\/strong>, rozpocznie ono o <strong> 17.00<\/strong>.<\/li>\n<li>Tak\u017ce w najbli\u017csz\u0105 sobot\u0119, <strong>6 grudnia o godzinie 17.00<\/strong> w domu katechetycznym odb\u0119dzie si\u0119 wyj\u0105tkowe <strong>spotkanie ze \u015awi\u0119tym Miko\u0142ajem<\/strong>, na kt\u00f3re zapraszamy Oaz\u0119 Dzieci Bo\u017cych oraz Ministrant\u00f3w.<\/li>\n<li><strong>Sk\u0142adamy serdeczne B\u00f3g zap\u0142a\u0107<\/strong> wszystkim tym, kt\u00f3rzy ju\u017c podj\u0119li si\u0119 pos\u0142ugi roznoszenia<strong> op\u0142atk\u00f3w wigilijnych<\/strong> w naszej parafii. B\u00f3g zap\u0142a\u0107 za sk\u0142adane z tej okazji ofiary. Rodziny, kt\u00f3rych nie zastano w domu, mog\u0105 odbiera\u0107 op\u0142atki w\u00a0\u201eSiewcy\u201d. Pozosta\u0142y jeszcze do zabrania op\u0142atki dla rodzin mieszkaj\u0105cych w\u00a0blokach przy: ul. Kopernika 1, 4, 6, 7, 9 i 11; Ko\u0142\u0142\u0105taja 1, 1A, 4, 5; Sk\u0142odowskiej 3 oraz Mickiewicza domy jednorodzinne i bloki nr 55, 57, 60, 62, 63, 63A i 64. Staszica 1, 2, 3, 4, 5 i 8\u00a0oraz ulice: Sikorskiego, B\u0142onie, Nizinna, 28 Maja, Szkolna, Garncarska, Studzienna, Spokojna, Burmistrz\u00f3w Zawilskich, \u015aw. Kr\u00f3lowej Jadwigi, Zmuliska, Rzeszowska, Lipy, Moniuszki i boczne. Bardzo prosimy ludzi dobrej woli z\u00a0tych\u017ce ulic lub s\u0105siednich o\u00a0podj\u0119cie si\u0119 trudu rozprowadzenia op\u0142atk\u00f3w w\/w rejonach. <strong>Op\u0142atki i zeszyty s\u0105 do odebrania w\u00a0Siewcy<\/strong>.<\/li>\n<li>Za tydzie\u0144\u00a0przed ko\u015bcio\u0142ami w ca\u0142ej Polsce zbi\u00f3rka do puszek z przeznaczeniem na <strong>\u201ePomoc Ko\u015bcio\u0142owi na Wschodzie\u201d. <\/strong>O przeprowadzenie tej\u017ce zbi\u00f3rki prosimy Bractwo Szkaplerza \u015awi\u0119tego.<\/li>\n<li><strong>Caritas Archidiecezji Przemyskiej,<\/strong> Oddzia\u0142 w Le\u017cajsku w ramach og\u00f3lnopolskiej akcji &#8222;TAK POMAGAM&#8221;\u00a0 w najbli\u017cszy pi\u0105tek i sobot\u0119 przeprowadzi zbi\u00f3rk\u0119 \u017cywno\u015bci w\u00a0sklepach na terenie Le\u017cajska. Zebrana \u017cywno\u015b\u0107 zostanie przekazana dla os\u00f3b potrzebuj\u0105cych, a tak\u017ce zostanie wykorzystana do przygotowywania posi\u0142k\u00f3w w\u00a0o\u015brodkach Caritas dla niepe\u0142nosprawnych oraz bezdomnych.<\/li>\n<li><strong>W Siewcy<\/strong> do nabycia prasa i publikacje katolickie. <strong>Wigilijne \u015bwiece Caritas<\/strong> w cenie minimalnej 10 z\u0142. oraz <strong>kalendarze i Ewangelie z rozwa\u017caniami na ka\u017cdy dzie\u0144 2026 r.<\/strong><\/li>\n<\/ol>\n<p><strong><u>Intencje zbiorowe: <\/u><\/strong><\/p>\n<ul>\n<li>Msze \u015bw. gregoria\u0144skie za \u015bp. Stanis\u0142awa Zygmunta, pocz\u0105tek \u2013 poniedzia\u0142ek, godz. 6.30.<\/li>\n<li>Msze \u015bw. gregoria\u0144skie za \u015bp. J\u00f3zefa Jauernig \u2013 pocz\u0105tek, poniedzia\u0142ek, godz. 7.00 (poza parafi\u0105).<\/li>\n<li>Za dusze w czy\u015b\u0107cu cierpi\u0105ce \u2013 intencja od Apostolskiego Dzie\u0142a Pomocy dla Czy\u015b\u0107ca \u2013 poniedzia\u0142ek, godz. 7.00.<\/li>\n<li>Za \u015bp. Celin\u0119 Dubiel \u2013 intencja od s\u0105siad\u00f3w \u2013 \u015broda, godz. 18.00.<\/li>\n<li>W intencji nowennowych pr\u00f3\u015bb i podzi\u0119kowa\u0144 do MB \u2013 \u015broda, godz. 18.00.<\/li>\n<li>Z R\u00f3\u017cy \u015bw. Barbary \u2013 czwartek, godz. 18.00.<\/li>\n<li>Za kap\u0142an\u00f3w i o nowe \u015bwi\u0119te powo\u0142ania kap\u0142a\u0144skie i zakonne \u2013 intencja od Stra\u017cy Honorowej NSPJ \u2013 czwartek, godz. 18.00.<\/li>\n<li>Za \u015bp. Stefani\u0119 Zaj\u0105c i zmar\u0142ych z R\u00f3\u017cy \u015bw. Urszuli Led\u00f3chowskiej \u2013 pi\u0105tek, godz. 6.30<\/li>\n<li>Z intencji Stra\u017cy Honorowej NSPJ \u2013 pi\u0105tek, godz. 18.00.<\/li>\n<li>W intencji pielgrzym\u00f3w do Markowej i ich Rodzin \u2013 sobota, godz. 18.00.<\/li>\n<li>Wynagradzaj\u0105ca Niepokalanemu Sercu NMP \u2013 intencja od Bractwa Szkaplerza \u015bw. i R\u00f3\u017c R\u00f3\u017ca\u0144cowych \u2013 sobota, godz. 18.00.<\/li>\n<li>Za \u015bp. J\u00f3zefa Walania \u2013 intencja od przyjaci\u00f3\u0142 i koleg\u00f3w syna Dominika \u2013 niedziela, godz. 18.00.<\/li>\n<\/ul>\n<p>W ostatnim tygodniu odesz\u0142a od nas do wieczno\u015bci <strong>\u015bp. Helena Krawczyk<\/strong> z ul. Zmuliska \u00a0\u2013 wieczny odpoczynek \u2026..<\/p>\n","protected":false},"excerpt":{"rendered":"<p>Dzi\u015b rozpocz\u0119li\u015bmy Adwent, czas radosnego i pobo\u017cnego oczekiwania na przyj\u015bcie Pana, b\u0119d\u0105cy r\u00f3wnocze\u015bnie pocz\u0105tkiem nowego rok liturgicznego, kt\u00f3remu b\u0119dzie towarzyszy\u0107 has\u0142o \u201eUczniowie &#8211; Misjonarze\u201d. Wieczorem nowenna przed Uroczysto\u015bci\u0105 Niepokalanego Pocz\u0119cia o godz. 17.30 a\u00a0po niej Msza \u015bw. wieczorna. W tygodniu, nowenna tak\u017ce o godz. 17.30 z wyj\u0105tkiem soboty. Roraty w naszym ko\u015bciele codziennie o godz. [&hellip;]<\/p>\n","protected":false},"author":4,"featured_media":0,"comment_status":"closed","ping_status":"open","sticky":false,"template":"","format":"standard","meta":[],"categories":[5],"tags":[],"_links":{"self":[{"href":"https:\/\/lezajsk.przemyska.pl\/index.php?rest_route=\/wp\/v2\/posts\/19414"}],"collection":[{"href":"https:\/\/lezajsk.przemyska.pl\/index.php?rest_route=\/wp\/v2\/posts"}],"about":[{"href":"https:\/\/lezajsk.przemyska.pl\/index.php?rest_route=\/wp\/v2\/types\/post"}],"author":[{"embeddable":true,"href":"https:\/\/lezajsk.przemyska.pl\/index.php?rest_route=\/wp\/v2\/users\/4"}],"replies":[{"embeddable":true,"href":"https:\/\/lezajsk.przemyska.pl\/index.php?rest_route=%2Fwp%2Fv2%2Fcomments&post=19414"}],"version-history":[{"count":1,"href":"https:\/\/lezajsk.przemyska.pl\/index.php?rest_route=\/wp\/v2\/posts\/19414\/revisions"}],"predecessor-version":[{"id":19415,"href":"https:\/\/lezajsk.przemyska.pl\/index.php?rest_route=\/wp\/v2\/posts\/19414\/revisions\/19415"}],"wp:attachment":[{"href":"https:\/\/lezajsk.przemyska.pl\/index.php?rest_route=%2Fwp%2Fv2%2Fmedia&parent=19414"}],"wp:term":[{"taxonomy":"category","embeddable":true,"href":"https:\/\/lezajsk.przemyska.pl\/index.php?rest_route=%2Fwp%2Fv2%2Fcategories&post=19414"},{"taxonomy":"post_tag","embeddable":true,"href":"https:\/\/lezajsk.przemyska.pl\/index.php?rest_route=%2Fwp%2Fv2%2Ftags&post=19414"}],"curies":[{"name":"wp","href":"https:\/\/api.w.org\/{rel}","templated":true}]}}