
{"id":19400,"date":"2025-11-22T20:17:06","date_gmt":"2025-11-22T19:17:06","guid":{"rendered":"https:\/\/lezajsk.przemyska.pl\/?p=19400"},"modified":"2025-11-23T13:23:44","modified_gmt":"2025-11-23T12:23:44","slug":"uroczystosc-jezusa-chrystusa-krola-wszechswiata-23-11-2025-r","status":"publish","type":"post","link":"https:\/\/lezajsk.przemyska.pl\/?p=19400","title":{"rendered":"Uroczysto\u015b\u0107 Jezusa Chrystusa Kr\u00f3la Wszech\u015bwiata &#8211; 23.11.2025 r."},"content":{"rendered":"<ol>\n<li>Dzi\u015b <strong>ostatnia niedziela roku liturgicznego obchodzona jako Uroczysto\u015b\u0107 Chrystusa Kr\u00f3la.<\/strong> Z tej okazji po Mszy \u015bw. o godz. 11.30 <strong>okoliczno\u015bciowe nabo\u017ce\u0144stwo przed Naj\u015bwi\u0119tszym Sakramentem <\/strong>i\u00a0akt po\u015bwi\u0119cenia rodzaju ludzkiego <strong>Naj\u015bwi\u0119tszemu Sercu Jezusowemu<\/strong>. Za udzia\u0142 w tym nabo\u017ce\u0144stwie mo\u017cna zyska\u0107 <strong>odpust zupe\u0142ny<\/strong> pod zwyk\u0142ymi warunkami. Pami\u0119tajmy tak\u017ce, \u017ce 25 lat temu jako mieszka\u0144cy Miasta Le\u017cajska i Ziemi Le\u017cajskiej dokonali\u015bmy intronizacji Chrystusa Kr\u00f3la i\u00a0zawierzyli\u015bmy Chrystusowi Kr\u00f3lowi nasze losy. Niech ta \u015bwiadomo\u015b\u0107 ci\u0105gle mobilizuje, umacnia wiar\u0119 i kszta\u0142tuje nasze postawy na co dzie\u0144.<\/li>\n<li>Dzi\u015b jak i w tygodniu, <strong>r\u00f3\u017caniec za zmar\u0142ych<\/strong> polecanych w wypominkach o godz. 17.30 do pi\u0105tku w\u0142\u0105cznie a po nim Msza \u015bw.<\/li>\n<li><strong>W pi\u0105tek 28 listopada<\/strong> w czasie wieczornej Mszy \u015bw. godz. 18.00,<strong> zostan\u0105 po\u015bwi\u0119cone op\u0142atki wigilijne,<\/strong> kt\u00f3re w najbli\u017cszych dniach b\u0119d\u0105 roznoszone do wszystkich rodzin w naszej parafii. W zwi\u0105zku z powy\u017cszym, w pi\u0105tek po Mszy \u015bw. wieczorniej, zapraszamy na <strong>spotkanie wszystkich cz\u0142onk\u00f3w Rady Duszpasterskiej<\/strong>, przedstawicieli grup modlitewnych i\u00a0apostolskich oraz tych, kt\u00f3rzy s\u0142u\u017cyli swoj\u0105 pomoc\u0105 przy roznoszeniu op\u0142atk\u00f3w w\u00a0minionych latach lub chc\u0105 w\u0142\u0105czy\u0107 si\u0119 w to dzie\u0142o w\u00a0roku bie\u017c\u0105cym. Wszystkich za\u015b parafian prosimy o \u017cyczliwe przyj\u0119cie op\u0142atk\u00f3w, a\u00a0z\u0142o\u017cone z\u00a0tej okazji ofiary zasil\u0105 fundusz remontowy naszej parafii.<\/li>\n<li>W sobot\u0119 wieczorem rozpoczynamy <strong>nowenn\u0119 przed<\/strong> <strong>Uroczysto\u015bci\u0105 Niepokalanego Pocz\u0119cia<\/strong> o\u00a0godz. 17.30 a\u00a0po niej Msza \u015bw. wieczorna.<\/li>\n<li>Od przysz\u0142ej niedzieli rozpoczynamy <strong>Adwent<\/strong> \u2013 czas radosnego ale i pobo\u017cnego oczekiwania na przyj\u015bcie Jezusa Chrystusa.<\/li>\n<li>Metropolita Przemyski, kieruj\u0105c si\u0119 duchem chrze\u015bcija\u0144skiej solidarno\u015bci i troski o osoby dotkni\u0119te nieszcz\u0119\u015bciem, zarz\u0105dzi\u0142 przeprowadzenie dzi\u015b po wszystkich Mszach \u015bw. na terenie Archidiecezji, specjalnej <strong>zbi\u00f3rki do puszek na rzecz ofiar huraganu\u00a0Melissa<\/strong>, kt\u00f3ry w ostatnim czasie spowodowa\u0142 ogromne zniszczenia na Jamajce, gdzie pracuje m.in. ks. Wojciech Szpylma, misjonarz z archidiecezji przemyskiej. Dzi\u0119kujemy R\u00f3\u017com R\u00f3\u017ca\u0144cowym za podj\u0119cie si\u0119 pos\u0142ugi zbierania tych\u017ce ofiar.<\/li>\n<li>Trwa zbi\u00f3rka <strong>\u017cywno\u015bci, jako pomoc dla polskich rodzin na Ukrainie z parafii Przemy\u015blany<\/strong>. Zbieramy konkretne cztery artyku\u0142y; konserwy, olej, kasze i cukier. Mo\u017cna je sk\u0142ada\u0107 w\u00a0zakrystii lub kancelarii do \u015brody 26 listopada w\u0142\u0105cznie.<\/li>\n<li>W Siewcy do nabycia prasa i publikacje katolickie. S\u0105 tam te\u017c <strong>kalendarze, w tym kalendarze rolnik\u00f3w<\/strong> na przysz\u0142y rok i<strong> Ewangelie z rozwa\u017caniami na ka\u017cdy dzie\u0144 2026 r.<\/strong> Przed ko\u015bcio\u0142em z\u00a0r\u0105k ministrant\u00f3w, b\u0105d\u017a z o\u0142tarzy mo\u017cna odebra\u0107 kolejny darmowy numer <strong>\u201eDobrych Nowin\u201d. <\/strong>Serdecznie polecamy.<\/li>\n<li>Dyrekcja ZST zaprasza dzi\u015b do auli szko\u0142y na <strong>koncert \u201eJesienne brzmienia\u201d w wykonaniu Orkiestry Divertimento<\/strong>. Pocz\u0105tek godz.17.00.<\/li>\n<\/ol>\n<p><strong><u>Intencje zbiorowe: <\/u><\/strong><\/p>\n<ul>\n<li>Za \u015bp. Danut\u0119 Rech \u2013 intencja od s\u0105siad\u00f3w z klatki \u2013 wtorek, godz. 6.30.<\/li>\n<li>O zdrowie Lidii \u2013 intencja od kole\u017canek z PSS Spo\u0142em nr 10 \u2013 wtorek, godz. 6.30.<\/li>\n<li>W intencji nowennowych pr\u00f3\u015bb i podzi\u0119kowa\u0144 do MB Pocieszenia \u2013 \u015broda, godz. 18.00.<\/li>\n<li>Za \u015bp. Stanis\u0142aw\u0119 Sarzy\u0144sk\u0105 \u2013 intencja od kole\u017canek z Hortexu \u2013 pi\u0105tek, godz. 7.00.<\/li>\n<li>Za zmar\u0142ych polecanych w wypominkach \u2013 niedziela, godz. 8.30.<\/li>\n<li>Za zmar\u0142ych R\u00f3\u017cy \u015bw. Sebastiana \u2013 niedziela, godz. 10.00.<\/li>\n<\/ul>\n<p>W ostatnim tygodniu odeszli od nas do wieczno\u015bci <strong>\u015bp. Andrzej Kusy<\/strong> z\u00a0ul. M.C. Sk\u0142odowskiej i\u00a0<strong>Stanis\u0142aw M\u0119ci\u0144ski <\/strong>z ul. Mickiewicza \u2013 wieczny odpoczynek&#8230;<\/p>\n","protected":false},"excerpt":{"rendered":"<p>Dzi\u015b ostatnia niedziela roku liturgicznego obchodzona jako Uroczysto\u015b\u0107 Chrystusa Kr\u00f3la. Z tej okazji po Mszy \u015bw. o godz. 11.30 okoliczno\u015bciowe nabo\u017ce\u0144stwo przed Naj\u015bwi\u0119tszym Sakramentem i\u00a0akt po\u015bwi\u0119cenia rodzaju ludzkiego Naj\u015bwi\u0119tszemu Sercu Jezusowemu. Za udzia\u0142 w tym nabo\u017ce\u0144stwie mo\u017cna zyska\u0107 odpust zupe\u0142ny pod zwyk\u0142ymi warunkami. Pami\u0119tajmy tak\u017ce, \u017ce 25 lat temu jako mieszka\u0144cy Miasta Le\u017cajska i Ziemi [&hellip;]<\/p>\n","protected":false},"author":4,"featured_media":0,"comment_status":"closed","ping_status":"open","sticky":false,"template":"","format":"standard","meta":[],"categories":[5],"tags":[],"_links":{"self":[{"href":"https:\/\/lezajsk.przemyska.pl\/index.php?rest_route=\/wp\/v2\/posts\/19400"}],"collection":[{"href":"https:\/\/lezajsk.przemyska.pl\/index.php?rest_route=\/wp\/v2\/posts"}],"about":[{"href":"https:\/\/lezajsk.przemyska.pl\/index.php?rest_route=\/wp\/v2\/types\/post"}],"author":[{"embeddable":true,"href":"https:\/\/lezajsk.przemyska.pl\/index.php?rest_route=\/wp\/v2\/users\/4"}],"replies":[{"embeddable":true,"href":"https:\/\/lezajsk.przemyska.pl\/index.php?rest_route=%2Fwp%2Fv2%2Fcomments&post=19400"}],"version-history":[{"count":4,"href":"https:\/\/lezajsk.przemyska.pl\/index.php?rest_route=\/wp\/v2\/posts\/19400\/revisions"}],"predecessor-version":[{"id":19404,"href":"https:\/\/lezajsk.przemyska.pl\/index.php?rest_route=\/wp\/v2\/posts\/19400\/revisions\/19404"}],"wp:attachment":[{"href":"https:\/\/lezajsk.przemyska.pl\/index.php?rest_route=%2Fwp%2Fv2%2Fmedia&parent=19400"}],"wp:term":[{"taxonomy":"category","embeddable":true,"href":"https:\/\/lezajsk.przemyska.pl\/index.php?rest_route=%2Fwp%2Fv2%2Fcategories&post=19400"},{"taxonomy":"post_tag","embeddable":true,"href":"https:\/\/lezajsk.przemyska.pl\/index.php?rest_route=%2Fwp%2Fv2%2Ftags&post=19400"}],"curies":[{"name":"wp","href":"https:\/\/api.w.org\/{rel}","templated":true}]}}