
{"id":19393,"date":"2025-11-15T22:29:24","date_gmt":"2025-11-15T21:29:24","guid":{"rendered":"https:\/\/lezajsk.przemyska.pl\/?p=19393"},"modified":"2025-11-15T22:29:24","modified_gmt":"2025-11-15T21:29:24","slug":"xxxiii-niedziela-zwykla-16-11-2025-r","status":"publish","type":"post","link":"https:\/\/lezajsk.przemyska.pl\/?p=19393","title":{"rendered":"XXXIII Niedziela zwyk\u0142a &#8211; 16.11.2025 r."},"content":{"rendered":"<ol>\n<li>Dzi\u015b, jak i w tygodniu, <strong>r\u00f3\u017caniec za zmar\u0142ych<\/strong> polecanych w\u00a0wypominkach o\u00a0godz. 17.30 a\u00a0po nim Msza \u015bw.<\/li>\n<li>Jutro po Mszy \u015bw. wieczornej spotkanie <strong>R\u00f3\u017c R\u00f3\u017ca\u0144cowych, Apostolskiego Dzie\u0142a Pomocy dla Czy\u015b\u0107ca oraz Dzie\u0142a Pomocy Powo\u0142aniom. <\/strong><\/li>\n<li>Tak\u017ce jutro po Mszy \u015bw. wieczornej kolejne <strong>spotkanie formacyjne dla rodzic\u00f3w dzieci z\u00a0klas III<\/strong>, przygotowuj\u0105cych si\u0119 do przyj\u0119cia I Komunii \u015bw. Spotkanie odb\u0119dzie si\u0119 w\u00a0ma\u0142ym ko\u015bciele.<\/li>\n<li>We wtorek spotkanie<strong> Stra\u017cy Honorowej NSPJ.<\/strong><\/li>\n<li>Tak\u017ce, we wtorek <strong>nowenna do \u015aw. J\u00f3zefa \u2013 Oblubie\u0144ca NMP<\/strong>. Podzi\u0119kowania i\u00a0pro\u015bby mo\u017cna sk\u0142ada\u0107 bezpo\u015brednio przed nabo\u017ce\u0144stwem na o\u0142tarzu Matki Bo\u017cej.<\/li>\n<li>W \u015brod\u0119 spotkanie <strong>Bractwa Szkaplerza \u015awi\u0119tego<\/strong>.<\/li>\n<li>W pi\u0105tek <strong>dzie\u0144 imienin naszego wikariusza<\/strong> <strong> Janusza Borka<\/strong>. Z tej okazji pami\u0119tajmy o\u00a0nim w naszych modlitwach.<\/li>\n<li>W pi\u0105tek po Mszy \u015bw. wieczornej <strong>spotkanie Akcji Katolickiej<\/strong>. Wszystkich cz\u0142onk\u00f3w Akcji Katolickiej serdecznie zapraszamy.<\/li>\n<li>Tak\u017ce w pi\u0105tek w kancelarii parafialnej, <strong>w godzinach 16.30 \u2013 18.00, b\u0119dzie mo\u017cna odebra\u0107 kopie umowy na Pielgrzymk\u0119 do W\u0142och<\/strong> oraz wp\u0142aci\u0107 drug\u0105 rat\u0119 zaliczki.<\/li>\n<li>Najbli\u017csze <strong>spotkanie Oazy Dzieci Bo\u017cych<\/strong> odb\u0119dzie si\u0119 wyj\u0105tkowo <strong>w sobot\u0119 o godz. 15.00<\/strong> i b\u0119dzie po\u0142\u0105czone z zabaw\u0105 Andrzejkow\u0105. Wi\u0119cej szczeg\u00f3\u0142\u00f3w u ks. Witolda.<\/li>\n<li>Za tydzie\u0144, w niedziel\u0119 <strong>Uroczysto\u015b\u0107 Jezusa Chrystusa Kr\u00f3la Wszech\u015bwiata<\/strong>. Jest to r\u00f3wnocze\u015bnie ostatnia niedziela roku liturgicznego przed Adwentem.<\/li>\n<li>W zwi\u0105zku ze zbli\u017caj\u0105cymi si\u0119 \u015bwi\u0119tami, po raz kolejny organizujemy zbi\u00f3rk\u0119 <strong>\u017cywno\u015bci, jako pomoc dla polskich rodzin na Ukrainie z parafii Przemy\u015blany<\/strong>. Zbieramy konkretne cztery artyku\u0142y; konserwy mi\u0119sne, olej, kasze i cukier. Mo\u017cna je sk\u0142ada\u0107 w\u00a0zakrystii lub kancelarii. Zbi\u00f3rka b\u0119dzie trwa\u0142a do 26 listopada.<\/li>\n<li>W najbli\u017csz\u0105 niedziel\u0119 w hali sportowej ZSL odb\u0119dzie si\u0119 <strong>Charytatywny Turniej Siatkarski \u2013 Zosta\u0144 \u015awi\u0119tym Miko\u0142ajem.<\/strong> Szczeg\u00f3\u0142y na plakacie.<\/li>\n<li><strong>W Siewcy<\/strong> przed po\u0142udniem do nabycia <strong>prasa i publikacje katolickie<\/strong>. S\u0105 te\u017c <strong>Kalendarze Rolnik\u00f3w i\u00a0Ewangelie<\/strong> na rok 2026. Serdecznie polecamy.<\/li>\n<\/ol>\n<p><strong><u>Intencje zbiorowe: <\/u><\/strong><\/p>\n<ul>\n<li>Za \u015bp. Stanis\u0142aw\u0119 Sarzy\u0144sk\u0105 \u2013 intencja od kole\u017canek z Hortexu \u2013 poniedzia\u0142ek, godz. 7.00.<\/li>\n<li>Za \u015bp. Damiana Zielonk\u0119 \u2013 intencja od wolontariuszy ERM \u2013 poniedzia\u0142ek, godz. 18.00 i\u00a0od rodzic\u00f3w dzieci z Przedszkola Si\u00f3str S\u0142u\u017cebniczek \u2013 wtorek, godz. 18.00 (poza parafi\u0105).<\/li>\n<li>Za zmar\u0142ych z R\u00f3\u017cy b\u0142. Urszuli Led\u00f3chowskiej \u2013 \u015broda, godz. 18.00.<\/li>\n<li>W intencji nowennowych pr\u00f3\u015bb i podzi\u0119kowa\u0144 do MB Pocieszenia \u2013 \u015broda, godz. 18.00.<\/li>\n<li>Za \u015bp. Stefani\u0119 Nowak \u2013 intencja od senior\u00f3w z klubu i stowarzyszenia \u2013 czwartek, godz. 7.00 i pi\u0105tek, godz. 6.30 oraz od Diakoni Muzycznej \u2013 niedziela, godz. 18.00.<\/li>\n<li>Z intencji Ko\u0142a Przyjaci\u00f3\u0142 Radia Maryja \u2013 czwartek, godz. 18.00.<\/li>\n<li>Z intencji Bractwa Szkaplerza \u015awi\u0119tego \u2013 \u00a0pi\u0105tek, godz. 18.00.<\/li>\n<li>W intencji ks. Janusza Borka, naszego wikariusza z okazji imienin \u2013 pi\u0105tek, godz. 18.00.<\/li>\n<li>Za zmar\u0142ych z R\u00f3\u017cy \u015bw. Kingi i ich Rodzin \u2013 niedziela, godz. 7.00.<\/li>\n<li>Za zmar\u0142ych polecanych w wypominkach \u2013 niedziela, godz. 8.30.<\/li>\n<li>Z intencji Stra\u017cy Honorowej NSPJ \u2013 niedziela, godz. 10.00.<\/li>\n<li>Z intencji Akcji Katolickiej \u2013 niedziela, godz. 11.30.<\/li>\n<\/ul>\n<p>W ostatnim tygodniu odeszli od nas do wieczno\u015bci <strong>\u015bp. Damian Zielonka<\/strong> z\u00a0ul. Baczy\u0144skiego i\u00a0<strong>Seweryn Mach<\/strong> z ul. Mickiewicza \u2013 wieczny odpoczynek&#8230;<\/p>\n","protected":false},"excerpt":{"rendered":"<p>Dzi\u015b, jak i w tygodniu, r\u00f3\u017caniec za zmar\u0142ych polecanych w\u00a0wypominkach o\u00a0godz. 17.30 a\u00a0po nim Msza \u015bw. Jutro po Mszy \u015bw. wieczornej spotkanie R\u00f3\u017c R\u00f3\u017ca\u0144cowych, Apostolskiego Dzie\u0142a Pomocy dla Czy\u015b\u0107ca oraz Dzie\u0142a Pomocy Powo\u0142aniom. Tak\u017ce jutro po Mszy \u015bw. wieczornej kolejne spotkanie formacyjne dla rodzic\u00f3w dzieci z\u00a0klas III, przygotowuj\u0105cych si\u0119 do przyj\u0119cia I Komunii \u015bw. Spotkanie [&hellip;]<\/p>\n","protected":false},"author":4,"featured_media":0,"comment_status":"closed","ping_status":"open","sticky":false,"template":"","format":"standard","meta":[],"categories":[5],"tags":[],"_links":{"self":[{"href":"https:\/\/lezajsk.przemyska.pl\/index.php?rest_route=\/wp\/v2\/posts\/19393"}],"collection":[{"href":"https:\/\/lezajsk.przemyska.pl\/index.php?rest_route=\/wp\/v2\/posts"}],"about":[{"href":"https:\/\/lezajsk.przemyska.pl\/index.php?rest_route=\/wp\/v2\/types\/post"}],"author":[{"embeddable":true,"href":"https:\/\/lezajsk.przemyska.pl\/index.php?rest_route=\/wp\/v2\/users\/4"}],"replies":[{"embeddable":true,"href":"https:\/\/lezajsk.przemyska.pl\/index.php?rest_route=%2Fwp%2Fv2%2Fcomments&post=19393"}],"version-history":[{"count":1,"href":"https:\/\/lezajsk.przemyska.pl\/index.php?rest_route=\/wp\/v2\/posts\/19393\/revisions"}],"predecessor-version":[{"id":19394,"href":"https:\/\/lezajsk.przemyska.pl\/index.php?rest_route=\/wp\/v2\/posts\/19393\/revisions\/19394"}],"wp:attachment":[{"href":"https:\/\/lezajsk.przemyska.pl\/index.php?rest_route=%2Fwp%2Fv2%2Fmedia&parent=19393"}],"wp:term":[{"taxonomy":"category","embeddable":true,"href":"https:\/\/lezajsk.przemyska.pl\/index.php?rest_route=%2Fwp%2Fv2%2Fcategories&post=19393"},{"taxonomy":"post_tag","embeddable":true,"href":"https:\/\/lezajsk.przemyska.pl\/index.php?rest_route=%2Fwp%2Fv2%2Ftags&post=19393"}],"curies":[{"name":"wp","href":"https:\/\/api.w.org\/{rel}","templated":true}]}}